{"id":9681,"date":"2021-12-13T00:22:11","date_gmt":"2021-12-12T22:22:11","guid":{"rendered":"https:\/\/magazin.raiffeisen.it\/?p=9681"},"modified":"2021-12-10T11:23:05","modified_gmt":"2021-12-10T09:23:05","slug":"percorso-brunstriedl","status":"publish","type":"post","link":"https:\/\/magazin.raiffeisen.it\/it\/percorso-brunstriedl\/","title":{"rendered":"Percorso Brunstriedl"},"content":{"rendered":"<p>[vc_row][vc_column width=&#8221;1\/3&#8243;][vc_column_text]<\/p>\n<h2 class=\"p1 h2-lines\"><span class=\"s1\">Dati del tour<\/span><\/h2>\n<p class=\"p1\"><strong><span class=\"s1\">Lunghezza<\/span><span class=\"s2\">:<\/span><\/strong><span class=\"s3\"> 8,4\u2009km<br \/>\n<\/span><strong><span class=\"s2\">Tempo di percorrenza:<\/span><\/strong><span class=\"s3\"> 5\u2009h<br \/>\n<\/span><strong><span class=\"s2\">Salita:<\/span><\/strong><span class=\"s3\"> 800\u2009m<br \/>\n<\/span><strong><span class=\"s2\">Discesa:<\/span><\/strong><span class=\"s3\"> 800\u2009m<br \/>\n<\/span><strong><span class=\"s2\">Grado di difficolt\u00e0:<\/span><\/strong><span class=\"s3\"> medio<\/span><\/p>\n<p>&nbsp;<\/p>\n<p><a href=\"https:\/\/www.alpenvereinaktiv.com\/it\/tour\/brunstridlrunde\/58098722\/\" target=\"_blank\" rel=\"noopener\">Il tour per iPhone e Android<\/a>[\/vc_column_text][vc_column_text]<\/p>\n<hr class=\"green-line\" \/>\n<p>[\/vc_column_text][\/vc_column][vc_column width=&#8221;1\/3&#8243;][vc_column_text]<\/p>\n<h2 class=\"p1 h2-lines\"><span class=\"s1\">Descrizione del percorso<\/span><\/h2>\n<p class=\"p1\"><span class=\"s1\">Partendo dal centro di Monguelfo o dal ristorante Walde Alm, seguiamo il sentiero n. 57, dapprima sulla forestale e poi su un tracciato boschivo fino ai prati Brunstriedl, dove proseguiamo in cresta lungo lo steccato fino alla biforcazione (sentiero n. 35) che ci riporta a Monguelfo. Scendiamo nel bosco fino alla forestale e, piegando a sinistra, ritorniamo al punto di partenza, il Walde Alm. Chi \u00e8 partito da Monguelfo, pu\u00f2 continuare a seguire la segnaletica n. 35 fino al paese.<\/span><\/p>\n<p>[\/vc_column_text][vc_column_text]<\/p>\n<hr class=\"green-line\" \/>\n<p>[\/vc_column_text][\/vc_column][vc_column width=&#8221;1\/3&#8243;][vc_column_text]<\/p>\n<h2 class=\"h2-lines\">GUIDA NATURALISTICA E PAESAGGISTICA<\/h2>\n<p>Riconoscere o scorgere le cime? Nessun problema con un\u2019app come <a href=\"https:\/\/www.peakfinder.org\/\" target=\"_blank\" rel=\"noopener\">PeakFinder<\/a>, che consente di ottenere la panoramica a 360\u00b0 di un luogo a scelta con l\u2019indicazione di tutte le montagne.<\/p>\n<p>&nbsp;<\/p>\n<p>Olav Lutz, guida naturalistica-paesaggistica,\u00a0<a href=\"mailto:olav.lutz@rolmail.net\" target=\"_blank\" rel=\"noopener noreferrer\">olav.lutz@rolmail.net<\/a>[\/vc_column_text][vc_column_text]<\/p>\n<hr class=\"green-line\" \/>\n<p>[\/vc_column_text][\/vc_column][\/vc_row][vc_row][vc_column]<div class=\"ult-spacer\" style=\"height:35px;clear:both;display:block;\"><\/div>[\/vc_column][\/vc_row][vc_row full_width=&#8221;stretch_row_content&#8221; bg_type=&#8221;image&#8221; bg_override=&#8221;full&#8221; el_class=&#8221;hidden-phone&#8221; gmbt_prlx_bg_type=&#8221;parallax&#8221; gmbt_prlx_break_parents=&#8221;0&#8243; gmbt_prlx_opacity=&#8221;100&#8243; gmbt_prlx_video_aspect_ratio=&#8221;16:9&#8243; gmbt_prlx_parallax=&#8221;none&#8221; gmbt_prlx_speed=&#8221;0.3&#8243;][vc_column]<div class='gambit_parallax_row' data-bg-align='' data-direction='fixed' data-opacity='100' data-velocity='-0.3' data-mobile-enabled='' data-bg-height='800' data-bg-width='1200' data-bg-image='https:\/\/magazin.raiffeisen.it\/wp-content\/uploads\/2021\/12\/Raiffeisen-Wandertipp-Brunstriedlrunde.jpg' data-bg-repeat='true' style='display: none'><\/div><div class=\"ult-spacer\" style=\"height:350px;clear:both;display:block;\"><\/div>[vc_column_text]<\/p>\n<div class=\"image-subtext-white\">Durante le escursioni con le ciaspole, la stagione fredda si presenta nella sua veste pi\u00f9 bella<\/div>\n<p>[\/vc_column_text]<div class=\"ult-spacer\" style=\"height:10px;clear:both;display:block;\"><\/div>[\/vc_column][vc_column][\/vc_column][\/vc_row][vc_row el_class=&#8221;visible-phone&#8221; gmbt_prlx_bg_type=&#8221;parallax&#8221; gmbt_prlx_break_parents=&#8221;0&#8243; gmbt_prlx_opacity=&#8221;100&#8243; gmbt_prlx_video_aspect_ratio=&#8221;16:9&#8243; gmbt_prlx_parallax=&#8221;none&#8221; gmbt_prlx_speed=&#8221;0.3&#8243;][vc_column][vc_single_image image=&#8221;9619&#8243; img_size=&#8221;full&#8221; alignment=&#8221;center&#8221;][\/vc_column][\/vc_row][vc_row][vc_column]<div class=\"ult-spacer\" style=\"height:35px;clear:both;display:block;\"><\/div>[\/vc_column][\/vc_row][vc_row][vc_column width=&#8221;1\/2&#8243;][vc_column_text]<\/p>\n<p class=\"p1\"><span class=\"s1\">Quest\u2019escursione con le ciaspole dal ristorante Walde Alm attraverso il bosco Brunstwald fino ai prati Brunstriedl ci ricompensa con una vista mozzafiato sulle bellissime cime dolomitiche.<\/span><span class=\"s2\"> La discesa nella neve fresca poi \u00e8 il massimo del divertimento! Essendo orientato a nord, dopo una stagione particolarmente nevosa, questo tracciato \u00e8 percorribile fino a primi giorni della primavera. <\/span><\/p>\n<p>[\/vc_column_text][\/vc_column][vc_column width=&#8221;1\/2&#8243;][vc_column_text]<\/p>\n<p class=\"p1\"><span class=\"s1\">In inverno inoltrato \u00e8 possibile partire direttamente dal centro di Monguelfo. In alternativa, possiamo raggiungere in auto il ristorante Walde Alm, da cui imbocchiamo il sentiero n. 57 nel bosco. Ben presto svoltiamo a destra e procediamo in direzione di Brunstriedl, passando per un particolare capitello inchiodato a un antico larice. Seguiamo la segnaletica bianco-rossa, sebbene con la neve alta e in assenza di tracce possa rivelarsi un po\u2019 complicato. In questo caso, si consiglia di avvalersi del GPS.<\/span><\/p>\n<p>[\/vc_column_text][\/vc_column][\/vc_row][vc_row][vc_column][vc_column_text]<\/p>\n<p class=\"p1\"><span class=\"s1\">Continuando a salire, raggiun<\/span><span class=\"s2\">giamo uno steccato che segna il confine tra Valdaora e Monguelfo. A questo punto \u00e8 necessaria ottima forma e resistenza, perch\u00e9 la salita si fa pi\u00f9 ripida. Una volta raggiunto il cartello del <\/span><span class=\"s1\">Parco Naturale Fanes-Sennes-<\/span><span class=\"s2\">Braies, abbiamo superato la parte pi\u00f9 difficile del percorso. Quindi procediamo in cresta fino a quando non avvistiamo la croce del Brunstriedl. <\/span><span class=\"s3\">Un punto di sosta sotto di noi \u00e8 rappresentato dalla piattaforma panoramica, che schiude una meravigliosa vista sulle Dolomiti. Si riconoscono immediatamente le cime pi\u00f9 imponenti, come il Picco di Vallandro, la Croda Rossa d\u2019Ampezzo, la Croda del Becco e il Piz da Perez, ma anche la Cima Grande di Lavaredo, che fa capolino in lontananza.<\/span><span class=\"s2\"> Dopo esserci beati di questo panorama, seguiamo il sentiero n. 35, dapprima lungo lo steccato e poi svoltando a destra in direzione di Monguelfo.<\/span><\/p>\n<p>[\/vc_column_text][\/vc_column][\/vc_row]<\/p>\n","protected":false},"excerpt":{"rendered":"<p>[vc_row][vc_column width=&#8221;1\/3&#8243;][vc_column_text] Dati del tour Lunghezza: 8,4\u2009km Tempo di percorrenza: 5\u2009h Salita: 800\u2009m Discesa: 800\u2009m Grado di difficolt\u00e0: medio &nbsp; Il tour per iPhone e Android[\/vc_column_text][vc_column_text] [\/vc_column_text][\/vc_column][vc_column width=&#8221;1\/3&#8243;][vc_column_text] Descrizione del percorso Partendo dal centro di Monguelfo o dal ristorante Walde Alm, seguiamo il sentiero n. 57, dapprima sulla forestale e poi su un tracciato boschivo [&hellip;]<\/p>\n","protected":false},"author":2,"featured_media":9620,"comment_status":"open","ping_status":"open","sticky":false,"template":"","format":"standard","meta":{"footnotes":""},"categories":[68],"tags":[71],"class_list":["post-9681","post","type-post","status-publish","format-standard","has-post-thumbnail","hentry","category-consigli-e-svago","tag-suggerimento-di-escursione"],"_links":{"self":[{"href":"https:\/\/magazin.raiffeisen.it\/it\/wp-json\/wp\/v2\/posts\/9681","targetHints":{"allow":["GET"]}}],"collection":[{"href":"https:\/\/magazin.raiffeisen.it\/it\/wp-json\/wp\/v2\/posts"}],"about":[{"href":"https:\/\/magazin.raiffeisen.it\/it\/wp-json\/wp\/v2\/types\/post"}],"author":[{"embeddable":true,"href":"https:\/\/magazin.raiffeisen.it\/it\/wp-json\/wp\/v2\/users\/2"}],"replies":[{"embeddable":true,"href":"https:\/\/magazin.raiffeisen.it\/it\/wp-json\/wp\/v2\/comments?post=9681"}],"version-history":[{"count":5,"href":"https:\/\/magazin.raiffeisen.it\/it\/wp-json\/wp\/v2\/posts\/9681\/revisions"}],"predecessor-version":[{"id":9687,"href":"https:\/\/magazin.raiffeisen.it\/it\/wp-json\/wp\/v2\/posts\/9681\/revisions\/9687"}],"wp:featuredmedia":[{"embeddable":true,"href":"https:\/\/magazin.raiffeisen.it\/it\/wp-json\/wp\/v2\/media\/9620"}],"wp:attachment":[{"href":"https:\/\/magazin.raiffeisen.it\/it\/wp-json\/wp\/v2\/media?parent=9681"}],"wp:term":[{"taxonomy":"category","embeddable":true,"href":"https:\/\/magazin.raiffeisen.it\/it\/wp-json\/wp\/v2\/categories?post=9681"},{"taxonomy":"post_tag","embeddable":true,"href":"https:\/\/magazin.raiffeisen.it\/it\/wp-json\/wp\/v2\/tags?post=9681"}],"curies":[{"name":"wp","href":"https:\/\/api.w.org\/{rel}","templated":true}]}}