{"id":9657,"date":"2021-12-13T00:26:29","date_gmt":"2021-12-12T22:26:29","guid":{"rendered":"https:\/\/magazin.raiffeisen.it\/?p=9657"},"modified":"2021-12-10T11:22:49","modified_gmt":"2021-12-10T09:22:49","slug":"economia-necessario-un-ripensamento","status":"publish","type":"post","link":"https:\/\/magazin.raiffeisen.it\/it\/economia-necessario-un-ripensamento\/","title":{"rendered":"Economia, necessario un ripensamento"},"content":{"rendered":"<p>[vc_row][vc_column][vc_column_text]<\/p>\n<p class=\"p1\"><strong><span class=\"s1\">Tuttavia, questi obiettivi si scontrano con i propri limiti:<\/span><\/strong><span class=\"s2\"> la crescita, al pari della trasformazione economica, implica un maggior consumo di risorse, mentre uno sviluppo pi\u00f9 accelerato \u00e8 frenato dalla carenza di materie prime e personale specializzato. Ci\u00f2 che stiamo vivendo ora \u00e8 un vero e proprio \u201cshock di offerta\u201d, una situazione praticamente inedita: il coronavirus ci ha messo davanti agli occhi i limiti della globalizzazione, interrompendo le catene di fornitura internazionali. <\/span><\/p>\n<p>[\/vc_column_text][vc_column_text]<\/p>\n<hr class=\"black-line\" \/>\n<p>[\/vc_column_text][\/vc_column][\/vc_row][vc_row][vc_column width=&#8221;1\/2&#8243;][vc_column_text]<\/p>\n<p class=\"p1\"><span class=\"s1\">Tutto ci\u00f2 sta causando aumenti di prezzi come non li vedevamo da decenni e questo sta mettendo a dura prova l\u2019economia. <\/span><span class=\"s2\">Ma, a lungo andare, uno shock di offerta porta a un ripensamento. <\/span><span class=\"s1\">In futuro, \u00e8 probabile che lo stoccaggio di beni diventer\u00e0 pi\u00f9 importante del \u201cjust in time\u201d, il commercio internazionale verr\u00e0 rimesso in moto e le innovazioni tecnologiche saranno ulteriormente incentivate.<\/span><\/p>\n<p>[\/vc_column_text][\/vc_column][vc_column width=&#8221;1\/2&#8243;][vc_column_text]<\/p>\n<p class=\"p1\"><span class=\"s1\">Nel 2022, entreremo in una fase di crescita pi\u00f9 distesa, con prezzi in discesa a causa della perdita di potere d\u2019acquisto scatenata dagli attuali aumenti. Poich\u00e9 le banche centrali vogliono contribuire alla transizione ecologica dell\u2019economia, fornendo agli Stati la necessaria liquidit\u00e0, non agiranno sulla leva dei tassi n\u00e9 assisteranno senza far nulla a una riduzione <\/span><span class=\"s2\">della massa monetaria. <\/span><\/p>\n<p>[\/vc_column_text][\/vc_column][\/vc_row][vc_row][vc_column width=&#8221;1\/6&#8243;][\/vc_column][vc_column width=&#8221;2\/3&#8243;][vc_column_text]<\/p>\n<p class=\"p1\" style=\"text-align: center;\"><span class=\"interview\"><span class=\"s1\">Di conseguenza,<\/span><span class=\"s2\"> anche per il prossimo anno, i mercati finanziari potranno godere di un solido sostegno: una <\/span><span class=\"s1\">buona notizia per gli investitori.<\/span><\/span><\/p>\n<p>[\/vc_column_text][\/vc_column][vc_column width=&#8221;1\/6&#8243;][\/vc_column][\/vc_row]<\/p>\n","protected":false},"excerpt":{"rendered":"<p>[vc_row][vc_column][vc_column_text] Tuttavia, questi obiettivi si scontrano con i propri limiti: la crescita, al pari della trasformazione economica, implica un maggior consumo di risorse, mentre uno sviluppo pi\u00f9 accelerato \u00e8 frenato dalla carenza di materie prime e personale specializzato. Ci\u00f2 che stiamo vivendo ora \u00e8 un vero e proprio \u201cshock di offerta\u201d, una situazione praticamente inedita: [&hellip;]<\/p>\n","protected":false},"author":2,"featured_media":8136,"comment_status":"open","ping_status":"open","sticky":false,"template":"","format":"standard","meta":{"footnotes":""},"categories":[3,32],"tags":[61],"class_list":["post-9657","post","type-post","status-publish","format-standard","has-post-thumbnail","hentry","category-titelthema","category-denaro-co","tag-economia"],"_links":{"self":[{"href":"https:\/\/magazin.raiffeisen.it\/it\/wp-json\/wp\/v2\/posts\/9657","targetHints":{"allow":["GET"]}}],"collection":[{"href":"https:\/\/magazin.raiffeisen.it\/it\/wp-json\/wp\/v2\/posts"}],"about":[{"href":"https:\/\/magazin.raiffeisen.it\/it\/wp-json\/wp\/v2\/types\/post"}],"author":[{"embeddable":true,"href":"https:\/\/magazin.raiffeisen.it\/it\/wp-json\/wp\/v2\/users\/2"}],"replies":[{"embeddable":true,"href":"https:\/\/magazin.raiffeisen.it\/it\/wp-json\/wp\/v2\/comments?post=9657"}],"version-history":[{"count":4,"href":"https:\/\/magazin.raiffeisen.it\/it\/wp-json\/wp\/v2\/posts\/9657\/revisions"}],"predecessor-version":[{"id":9661,"href":"https:\/\/magazin.raiffeisen.it\/it\/wp-json\/wp\/v2\/posts\/9657\/revisions\/9661"}],"wp:featuredmedia":[{"embeddable":true,"href":"https:\/\/magazin.raiffeisen.it\/it\/wp-json\/wp\/v2\/media\/8136"}],"wp:attachment":[{"href":"https:\/\/magazin.raiffeisen.it\/it\/wp-json\/wp\/v2\/media?parent=9657"}],"wp:term":[{"taxonomy":"category","embeddable":true,"href":"https:\/\/magazin.raiffeisen.it\/it\/wp-json\/wp\/v2\/categories?post=9657"},{"taxonomy":"post_tag","embeddable":true,"href":"https:\/\/magazin.raiffeisen.it\/it\/wp-json\/wp\/v2\/tags?post=9657"}],"curies":[{"name":"wp","href":"https:\/\/api.w.org\/{rel}","templated":true}]}}