{"id":9646,"date":"2021-12-13T00:28:54","date_gmt":"2021-12-12T22:28:54","guid":{"rendered":"https:\/\/magazin.raiffeisen.it\/?p=9646"},"modified":"2021-12-10T11:22:43","modified_gmt":"2021-12-10T09:22:43","slug":"comunita-energetiche-unopportunita","status":"publish","type":"post","link":"https:\/\/magazin.raiffeisen.it\/it\/comunita-energetiche-unopportunita\/","title":{"rendered":"Comunit\u00e0 energetiche, un\u2019opportunit\u00e0"},"content":{"rendered":"<p>[vc_row][vc_column][vc_column_text]<\/p>\n<p class=\"p1\"><span class=\"s1\">Famiglie, aziende produttive ed enti pubblici possono dare vita alle comunit\u00e0 energetiche (\u201cenergy communities\u201d) per la produzione, il consumo, lo stoccaggio e la vendita di energia: in tal modo, al pari dei soci di una cooperativa, diventano \u201cprosumer\u201d, quindi consumatori e produttori di energia al tempo stesso. <\/span><\/p>\n<p class=\"p1\"><span class=\"s2\">\u201cSi tratta di un\u2019interessante opportunit\u00e0, poich\u00e9 non tutti i cittadini possono acquistare energia verde a prezzo ridotto da una delle cooperative esistenti, di solito situate in aree rurali, o di investire in progetti di energia rinnovabile\u201d, ci ha rivelato Elisa Brunner, assistente ai soci delle cooperative energetiche presso la <a href=\"https:\/\/www.raiffeisenverband.it\/it\/\" target=\"_blank\" rel=\"noopener\">Federazione Raiffeisen<\/a>. La possibilit\u00e0 di costituire una comunit\u00e0 energetica \u00e8 sancita dalla direttiva UE sull\u2019efficienza energetica del 2018. In Italia, questa opzione \u00e8 stata resa possibile dalla conversione del cosiddetto decreto \u201cMilleproroghe\u201d.<\/span><\/p>\n<p>[\/vc_column_text][\/vc_column][\/vc_row][vc_row][vc_column]<div class=\"ult-spacer\" style=\"height:35px;clear:both;display:block;\"><\/div>[\/vc_column][\/vc_row][vc_row full_width=&#8221;stretch_row_content&#8221; bg_type=&#8221;image&#8221; bg_override=&#8221;full&#8221; el_class=&#8221;hidden-phone&#8221; gmbt_prlx_bg_type=&#8221;parallax&#8221; gmbt_prlx_break_parents=&#8221;0&#8243; gmbt_prlx_opacity=&#8221;100&#8243; gmbt_prlx_video_aspect_ratio=&#8221;16:9&#8243; gmbt_prlx_parallax=&#8221;none&#8221; gmbt_prlx_speed=&#8221;0.3&#8243;][vc_column]<div class='gambit_parallax_row' data-bg-align='' data-direction='fixed' data-opacity='100' data-velocity='-0.3' data-mobile-enabled='' data-bg-height='800' data-bg-width='1200' data-bg-image='https:\/\/magazin.raiffeisen.it\/wp-content\/uploads\/2021\/12\/Raiffeisen-Energiegemeinschaft-Gruppenfoto-3.jpg' data-bg-repeat='true' style='display: none'><\/div><div class=\"ult-spacer\" style=\"height:350px;clear:both;display:block;\"><\/div>[vc_column_text]<\/p>\n<div class=\"image-subtext-white\">Il nuovo Comitato di coordinamento per l\u2019energia si compone di esponenti della Federazione Raiffeisen e delle cooperative di centrali elettriche, di teleriscaldamento e impianti a biogas<\/div>\n<p>[\/vc_column_text]<div class=\"ult-spacer\" style=\"height:10px;clear:both;display:block;\"><\/div>[\/vc_column][vc_column][\/vc_column][\/vc_row][vc_row el_class=&#8221;visible-phone&#8221; gmbt_prlx_bg_type=&#8221;parallax&#8221; gmbt_prlx_break_parents=&#8221;0&#8243; gmbt_prlx_opacity=&#8221;100&#8243; gmbt_prlx_video_aspect_ratio=&#8221;16:9&#8243; gmbt_prlx_parallax=&#8221;none&#8221; gmbt_prlx_speed=&#8221;0.3&#8243;][vc_column][vc_single_image image=&#8221;9577&#8243; img_size=&#8221;full&#8221; alignment=&#8221;center&#8221;][\/vc_column][\/vc_row][vc_row][vc_column]<div class=\"ult-spacer\" style=\"height:35px;clear:both;display:block;\"><\/div>[\/vc_column][\/vc_row][vc_row][vc_column][vc_column_text]<\/p>\n<h2 class=\"p1 h2-bold\"><span class=\"s1\">Chiave per la transizione ecologica<\/span><\/h2>\n<p class=\"p2\"><span class=\"s2\">Le comunit\u00e0 energetiche sfruttano le risorse rigenerative, promuovendo la produzione sostenibile di energia locale e pulita. Puntando su una riduzione dei costi, rendono i consumatori pi\u00f9 indipendenti e danno un contributo alla neutralit\u00e0 climatica. <\/span><\/p>\n<p class=\"p2\"><span class=\"s3\">Queste realt\u00e0 possono costruire impianti per la produzione di energia rinnovabile, da sfruttare direttamente in loco o da immagazzinare in appositi sistemi. Oltre a produzione, consumo, distribuzione e immagazzinamento di tali energie, <\/span>possono offrire anche servizi <span class=\"s3\">di efficienza energetica e <\/span>molti altri, tra cui la fornitura <span class=\"s3\">di colonnine per la carica di vetture elettriche.<\/span><\/p>\n<p class=\"p2\"><span class=\"s3\"><b>Chi, ad esempio, costruisce un impianto fotovoltaico, pu\u00f2 consumare l\u2019elettricit\u00e0 prodotta in proprio a livello collettivo: i soci di queste comunit\u00e0 diventano pertanto acquirenti in loco di energia pulita.<\/b> Ci\u00f2 significa che pi\u00f9 famiglie o aziende possono associarsi per finanziare un impianto fotovoltaico su un tetto e sfruttare o vendere l\u2019energia cos\u00ec ricavata per risparmiare costi di approvvigionamento e di rete.<\/span><\/p>\n<p>[\/vc_column_text][\/vc_column][\/vc_row][vc_row][vc_column width=&#8221;1\/2&#8243;][vc_column_text]<\/p>\n<p class=\"p1\"><span class=\"s1\">Queste organizzazioni sono adatte anche ai supercondomini o a edifici pubblici quali scuole, biblioteche, caserme dei Vigili del fuoco, stazioni ferroviarie, aziende di servizi e altre istituzioni; <\/span><span class=\"s2\">in tal senso, enti locali e <\/span><span class=\"s3\">regionali, comuni e organismi <\/span><span class=\"s2\">territoriali assumono un ruolo importante per la loro promozione e nascita. <\/span><span class=\"s1\">Ma anche gli agricoltori possono verificare la convenienza di creare una comunit\u00e0 energetica per abbattere i costi legati alla loro attivit\u00e0.<\/span><\/p>\n<p>[\/vc_column_text][\/vc_column][vc_column width=&#8221;1\/2&#8243;][vc_column_text]<\/p>\n<h2 class=\"p1 h2-bold\"><span class=\"s1\">Potenziale per le cooperative<\/span><\/h2>\n<p class=\"p2\"><span class=\"s2\">Nel solco della sua strategia della sostenibilit\u00e0, la <a href=\"https:\/\/www.raiffeisenverband.it\/it\/\" target=\"_blank\" rel=\"noopener\">Federazione Raiffeisen<\/a> supporta la costituzione e lo sviluppo di comunit\u00e0 energetiche di tipo cooperativo, seguendone attentamente gli sviluppi normativi. <\/span><span class=\"s3\">In tal senso, la costituzione, la promozione e il sostegno di queste realt\u00e0 riveste un significato particolare anche per le organizzazioni associate alla Federazione, <\/span><span class=\"s2\">nello specifico per le Casse Raiffeisen, le cooperative agricole e quelle sociali.<\/span><\/p>\n<p>[\/vc_column_text][\/vc_column][\/vc_row][vc_row][vc_column][vc_column_text]<\/p>\n<hr class=\"black-line\" \/>\n<p>[\/vc_column_text][\/vc_column][\/vc_row][vc_row][vc_column width=&#8221;1\/6&#8243;][\/vc_column][vc_column width=&#8221;2\/3&#8243;][vc_column_text]<\/p>\n<p class=\"p1\" style=\"text-align: center;\"><span class=\"s1\"><b>Nell\u2019ambito della consulenza gratuita alle start-up, la Federazione Raiffeisen offre assistenza e supporto professionale per verificare insieme le vostre idee commerciali e accompagnarvi nel percorso verso la costituzione di una societ\u00e0 cooperativa.<\/b><\/span><\/p>\n<p class=\"p2\" style=\"text-align: center;\"><span class=\"s2 interview\"><b>Contatti: al numero telefonico 0471 945 111 o all\u2019indirizzo e-mail: <a href=\"mailto:start-up@raiffeisen.it\">start-up@raiffeisen.it<\/a><\/b><\/span><\/p>\n<p>[\/vc_column_text][\/vc_column][vc_column width=&#8221;1\/6&#8243;][\/vc_column][\/vc_row][vc_row][vc_column]<div class=\"ult-spacer\" style=\"height:35px;clear:both;display:block;\"><\/div>[\/vc_column][\/vc_row][vc_row][vc_column][vc_column_text]<\/p>\n<h2 class=\"p1 h2-lines\"><span class=\"s1\">Nuovo Comitato di coordinamento per l\u2019energia<\/span><\/h2>\n<p class=\"p2\"><span class=\"s2\">Per rappresentare in maniera pi\u00f9 mirata gli interessi delle cooperative energetiche e promuoverne la collaborazione, quest\u2019anno la Federazione ha dato vita a un organismo ad hoc, chiamato Comitato di coordinamento per l\u2019energia.<\/span><span class=\"s3\"> \u201cCon questa struttura abbiamo gettato le basi per la gestione e la tutela degli interessi delle cooperative energetiche, ma anche per la promo<\/span><span class=\"s4\">zione degli sviluppi in tale ambito <\/span><span class=\"s3\">a vantaggio di tutte le organiz<\/span><span class=\"s5\">zazioni aderenti\u201d, ha affermato <\/span><span class=\"s3\">Herbert Von Leon, presidente della Federazione Raiffeisen.<\/span><\/p>\n<p class=\"p2\"><span class=\"s3\">Anche l\u2019andamento degli incentivi \u00e8 sempre nel mirino della Federazione, come ha ribadito Barbara Passarella dell\u2019Area Promozione e Tutela della Cooperazione. \u201cNei prossimi anni, molti sussidi sono destinati a venire meno\u201d, ha affermato, \u201cma anche in futuro saranno previste sovvenzioni a livello statale e provinciale a favore delle cooperative energetiche\u201d.<\/span><\/p>\n<p>&nbsp;<\/p>\n<hr class=\"green-line\" \/>\n<p>[\/vc_column_text][\/vc_column][\/vc_row]<\/p>\n","protected":false},"excerpt":{"rendered":"<p>[vc_row][vc_column][vc_column_text] Famiglie, aziende produttive ed enti pubblici possono dare vita alle comunit\u00e0 energetiche (\u201cenergy communities\u201d) per la produzione, il consumo, lo stoccaggio e la vendita di energia: in tal modo, al pari dei soci di una cooperativa, diventano \u201cprosumer\u201d, quindi consumatori e produttori di energia al tempo stesso. \u201cSi tratta di un\u2019interessante opportunit\u00e0, poich\u00e9 non [&hellip;]<\/p>\n","protected":false},"author":2,"featured_media":9691,"comment_status":"open","ping_status":"open","sticky":false,"template":"","format":"standard","meta":{"footnotes":""},"categories":[3,32],"tags":[80],"class_list":["post-9646","post","type-post","status-publish","format-standard","has-post-thumbnail","hentry","category-titelthema","category-denaro-co","tag-societa-cooperativa"],"_links":{"self":[{"href":"https:\/\/magazin.raiffeisen.it\/it\/wp-json\/wp\/v2\/posts\/9646","targetHints":{"allow":["GET"]}}],"collection":[{"href":"https:\/\/magazin.raiffeisen.it\/it\/wp-json\/wp\/v2\/posts"}],"about":[{"href":"https:\/\/magazin.raiffeisen.it\/it\/wp-json\/wp\/v2\/types\/post"}],"author":[{"embeddable":true,"href":"https:\/\/magazin.raiffeisen.it\/it\/wp-json\/wp\/v2\/users\/2"}],"replies":[{"embeddable":true,"href":"https:\/\/magazin.raiffeisen.it\/it\/wp-json\/wp\/v2\/comments?post=9646"}],"version-history":[{"count":4,"href":"https:\/\/magazin.raiffeisen.it\/it\/wp-json\/wp\/v2\/posts\/9646\/revisions"}],"predecessor-version":[{"id":9648,"href":"https:\/\/magazin.raiffeisen.it\/it\/wp-json\/wp\/v2\/posts\/9646\/revisions\/9648"}],"wp:featuredmedia":[{"embeddable":true,"href":"https:\/\/magazin.raiffeisen.it\/it\/wp-json\/wp\/v2\/media\/9691"}],"wp:attachment":[{"href":"https:\/\/magazin.raiffeisen.it\/it\/wp-json\/wp\/v2\/media?parent=9646"}],"wp:term":[{"taxonomy":"category","embeddable":true,"href":"https:\/\/magazin.raiffeisen.it\/it\/wp-json\/wp\/v2\/categories?post=9646"},{"taxonomy":"post_tag","embeddable":true,"href":"https:\/\/magazin.raiffeisen.it\/it\/wp-json\/wp\/v2\/tags?post=9646"}],"curies":[{"name":"wp","href":"https:\/\/api.w.org\/{rel}","templated":true}]}}