{"id":8813,"date":"2021-02-15T00:27:35","date_gmt":"2021-02-14T22:27:35","guid":{"rendered":"http:\/\/magazin.raiffeisen.it\/?p=8813"},"modified":"2021-12-10T16:22:45","modified_gmt":"2021-12-10T14:22:45","slug":"tutela-contro-gli-infortuni-per-chi-e-al-primo-impiego","status":"publish","type":"post","link":"https:\/\/magazin.raiffeisen.it\/it\/tutela-contro-gli-infortuni-per-chi-e-al-primo-impiego\/","title":{"rendered":"Tutela contro gli infortuni per chi \u00e8 al primo impiego"},"content":{"rendered":"<p>[vc_row][vc_column][vc_column_text]Chi fa il proprio ingresso nel mondo del lavoro, farebbe bene a valutare l\u2019opportunit\u00e0 di assicurarsi a livello privato. Il peso della previdenza individuale \u00e8 in crescita, poich\u00e9 la copertura prevista per legge in molti settori \u00e8 insufficiente. Inoltre, andando a vivere per conto proprio, spesso si perdono le tutele assicurative dei propri genitori. Chi inizia a lavorare \u00e8 chiamato a stipulare per la prima volta delle polizze, tra cui due delle principali sono quella <a href=\"https:\/\/magazin.raiffeisen.it\/it\/primo-impiego-finanze-ai-blocchi-di-partenza\/\"><strong>contro la responsabilit\u00e0 civile<\/strong><\/a> e quella che <strong>assicura l\u2019incolumit\u00e0 e la forza lavoro,<\/strong> poich\u00e9 garantiscono il reddito e lo standard di vita.[\/vc_column_text][vc_column_text]<\/p>\n<hr class=\"black-line\" \/>\n<p>[\/vc_column_text][\/vc_column][\/vc_row][vc_row][vc_column width=&#8221;2\/3&#8243;][vc_column_text]<\/p>\n<h2 class=\"h2-bold\">Proteggersi finanziariamente dagli infortuni<\/h2>\n<p>Spesso gli infortuni hanno conseguenze lievi, ma nei casi pi\u00f9 gravi possono comportare inabilit\u00e0 al lavoro, diminuzione del reddito o, addirittura, perdita della principale fonte di sussistenza in seguito al decesso del capofamiglia. L\u2019assicurazione obbligatoria per legge copre le conseguenze di infortuni sul lavoro, malattie e rischi sanitari professionali, intervenendo in circostanze chiaramente disciplinate. Le prestazioni offerte, tuttavia, non sempre sono sufficienti a garantire lo standard di vita abituale. \u201cQuesta copertura presenta dei chiari limiti\u201d, ci spiega Christian Oberrauch, educatore finanziario di Raiffeisen Servizi Assicurativi, \u201cpoich\u00e9 interviene solo a fronte di infortuni sul lavoro o nel tragitto da e verso casa\u201d. Al contrario, chi \u00e8 al primo impiego, non \u00e8 protetto nel tempo libero: pur essendo gi\u00e0 in possesso del contratto di lavoro e avendo raccolto le prime esperienze, non pu\u00f2 fare completo affidamento sull\u2019assicurazione di legge. Infatti, lavoratori dipendenti e liberi professionisti iscritti alle casse previdenziali obbligatorie, come l\u2019INPS, hanno diritto alle prestazioni solo dopo 5 o 10 anni di contribuzione.[\/vc_column_text][\/vc_column][vc_column width=&#8221;1\/3&#8243;]<a target=\"_blank\" class=\"green-box meine-versicherungen\" href=\"http:\/\/www.raiffeisen.it\/it\/le-mie-assicurazioni.html\">\n\t\t<div class=\"pod-title meine-versicherungen\">Meine Versicherungen<\/div>\n\t\t<div class=\"pod-text meine-versicherungen\">Der Online-Zugang rund um Ihren Versicherungsschutz<\/div>\n\t\t<img decoding=\"async\" src=\"https:\/\/magazin.raiffeisen.it\/wp-content\/themes\/raiffeisen\/images\/pods\/meineversicherung.png\" class=\"pod-image meine-versicherungen\"\/>\n\t<\/a><div class=\"ult-spacer\" style=\"height:35px;clear:both;display:block;\"><\/div>[\/vc_column][\/vc_row][vc_row][vc_column][vc_column_text]<\/p>\n<h2 class=\"h2-bold\">Fare chiarezza grazie alla consulenza<\/h2>\n<p>Un colloquio esaustivo con il consulente Raiffeisen aiuta a fare chiarezza sugli ambiti in cui si rileva un fabbisogno assicurativo. Anche se pu\u00f2 sembrare prematuro, \u00e8 bene considerare sin da subito l\u2019evenienza di una conclusione anticipata della carriera lavorativa, stipulando una polizza privata contro gli infortuni, che interviene nel caso in cui un giovane non possa pi\u00f9 esercitare la propria professione, anche solo in parte, indipendentemente dal momento e dal luogo in cui si \u00e8 verificato il sinistro.[\/vc_column_text][\/vc_column][\/vc_row]<\/p>\n","protected":false},"excerpt":{"rendered":"<p>[vc_row][vc_column][vc_column_text]Chi fa il proprio ingresso nel mondo del lavoro, farebbe bene a valutare l\u2019opportunit\u00e0 di assicurarsi a livello privato. Il peso della previdenza individuale \u00e8 in crescita, poich\u00e9 la copertura prevista per legge in molti settori \u00e8 insufficiente. Inoltre, andando a vivere per conto proprio, spesso si perdono le tutele assicurative dei propri genitori. Chi [&hellip;]<\/p>\n","protected":false},"author":2,"featured_media":8746,"comment_status":"open","ping_status":"open","sticky":false,"template":"","format":"standard","meta":{"footnotes":""},"categories":[32],"tags":[52],"class_list":["post-8813","post","type-post","status-publish","format-standard","has-post-thumbnail","hentry","category-denaro-co","tag-assicurazione"],"_links":{"self":[{"href":"https:\/\/magazin.raiffeisen.it\/it\/wp-json\/wp\/v2\/posts\/8813","targetHints":{"allow":["GET"]}}],"collection":[{"href":"https:\/\/magazin.raiffeisen.it\/it\/wp-json\/wp\/v2\/posts"}],"about":[{"href":"https:\/\/magazin.raiffeisen.it\/it\/wp-json\/wp\/v2\/types\/post"}],"author":[{"embeddable":true,"href":"https:\/\/magazin.raiffeisen.it\/it\/wp-json\/wp\/v2\/users\/2"}],"replies":[{"embeddable":true,"href":"https:\/\/magazin.raiffeisen.it\/it\/wp-json\/wp\/v2\/comments?post=8813"}],"version-history":[{"count":5,"href":"https:\/\/magazin.raiffeisen.it\/it\/wp-json\/wp\/v2\/posts\/8813\/revisions"}],"predecessor-version":[{"id":9737,"href":"https:\/\/magazin.raiffeisen.it\/it\/wp-json\/wp\/v2\/posts\/8813\/revisions\/9737"}],"wp:featuredmedia":[{"embeddable":true,"href":"https:\/\/magazin.raiffeisen.it\/it\/wp-json\/wp\/v2\/media\/8746"}],"wp:attachment":[{"href":"https:\/\/magazin.raiffeisen.it\/it\/wp-json\/wp\/v2\/media?parent=8813"}],"wp:term":[{"taxonomy":"category","embeddable":true,"href":"https:\/\/magazin.raiffeisen.it\/it\/wp-json\/wp\/v2\/categories?post=8813"},{"taxonomy":"post_tag","embeddable":true,"href":"https:\/\/magazin.raiffeisen.it\/it\/wp-json\/wp\/v2\/tags?post=8813"}],"curies":[{"name":"wp","href":"https:\/\/api.w.org\/{rel}","templated":true}]}}