{"id":8677,"date":"2020-12-10T00:24:22","date_gmt":"2020-12-09T22:24:22","guid":{"rendered":"http:\/\/magazin.raiffeisen.it\/?p=8677"},"modified":"2021-12-10T16:26:03","modified_gmt":"2021-12-10T14:26:03","slug":"non-predicare-la-morale-ma-vivere-in-prima-persona-le-proprie-convinzioni","status":"publish","type":"post","link":"https:\/\/magazin.raiffeisen.it\/it\/non-predicare-la-morale-ma-vivere-in-prima-persona-le-proprie-convinzioni\/","title":{"rendered":"Non predicare la morale, ma vivere in prima persona le proprie convinzioni"},"content":{"rendered":"<p>[vc_row][vc_column width=&#8221;1\/2&#8243;][vc_column_text]<strong>Professor Lintner, cos\u2019\u00e8 la teologia morale? Pu\u00f2 offrire un aiuto concreto alle persone?<\/strong><br \/>\n<span class=\"interview\">Prof. Martin M. Lintner.<\/span> La teologia morale, ovvero l\u2019etica collocata in un contesto teologico, si occupa delle pi\u00f9 disparate questioni legate alla condotta umana. Per un verso, va alla ricerca di risposte, motivandole con l\u2019aiuto della ragione e nell\u2019ambito di un dialogo interdisciplinare con le scienze umane, naturali e con la filosofia ma, per l\u2019altro, \u00e8 inserita nella tradizione ecclesiastica: s\u2019interroga sul ruolo della fede nella gestione della vita quotidiana e quale fonte d\u2019ispirazione per gli approcci etici. In altre parole, vuole offrire un punto di riferimento e mettere le persone in grado di formulare giudizi morali basati sulla responsabilit\u00e0 individuale.[\/vc_column_text][vc_column_text]<strong>Quali sono i temi che al momento La impegnano maggiormente?<\/strong><br \/>\nSono numerosi. Sul piano professionale, in primo luogo questioni mediche, ambientali e di etica animale, mentre a livello personale soprattutto la crisi del coronavirus: come sar\u00e0 gestita dalla societ\u00e0? Quali saranno le conseguenze per noi e come ci cambier\u00e0 a livello personale e di societ\u00e0? Inoltre, sto scrivendo un libro sull\u2019etica relazionale.[\/vc_column_text][\/vc_column][vc_column width=&#8221;1\/2&#8243;][vc_column_text]<strong>Lei si \u00e8 occupato intensamente del benessere degli animali.<\/strong><br \/>\nAmo gli animali, che mi interessano e affascinano sin da quando ero piccolo; la tematica etica mi sta a cuore soprattutto per via dell\u2019enorme sofferenza patita dal bestiame negli allevamenti. Non possiamo ridurre gli animali al loro mero utilizzo strumentale, ma dobbiamo essere pronti a rispettarne i bisogni fondamentali.[\/vc_column_text][vc_column_text]<strong>Anche questioni spinose, come il cambiamento climatico e l\u2019etica in ambito sanitario, celano un enorme potenziale di conflitto. Da una prospettiva cristiana, \u00e8 possibile individuare sempre con certezza i comportamenti corretti e quelli scorretti?<\/strong><br \/>\nEsiste un\u2019ampia casistica in cui non \u00e8 possibile indicare una soluzione chiara o univoca: spesso \u00e8 necessario considerare un ventaglio di possibilit\u00e0 o, addirittura, scegliere il male minore. \u00c8 importante operare anche una distinzione tra il piano dei principi, dove esiste un chiaro posizionamento di valori, e la complessit\u00e0 delle situazioni concrete, in cui siamo chiamati a prendere le migliori decisioni possibili secondo scienza e coscienza.[\/vc_column_text][\/vc_column][\/vc_row][vc_row][vc_column][vc_column_text]<\/p>\n<hr class=\"black-line\" \/>\n<p>[\/vc_column_text][\/vc_column][\/vc_row][vc_row][vc_column][vc_column_text]<strong>Molte persone sono in preda all\u2019ansia e ai timori per il futuro. Ritiene che la crisi attuale sia anche un banco di prova per la nostra comunit\u00e0 solidale?<\/strong><br \/>\nAssolutamente s\u00ec. Quali singoli individui siamo inseriti in un\u2019ampia rete di rapporti interpersonali e, al di l\u00e0 di questa, in una societ\u00e0 dove tutti, direttamente o indirettamente, sono legati l\u2019uno all\u2019altro. In una certa misura, ogni cosa \u00e8 in relazione con il resto: ci\u00f2 significa che la prosperit\u00e0 del singolo dipende dal benessere della comunit\u00e0 e che, pertanto, siamo tutti corresponsabili della societ\u00e0 e del bene collettivo.[\/vc_column_text][vc_column_text]<\/p>\n<hr class=\"black-line\" \/>\n<p>[\/vc_column_text][\/vc_column][\/vc_row][vc_row][vc_column width=&#8221;1\/2&#8243;][vc_column_text]<strong>Tuttavia, la fiducia dei cittadini nei confronti di istituzioni quali Stato e Chiesa \u00e8 in forte calo. A cosa riconduce questo fenomeno?<\/strong><br \/>\nUn motivo \u00e8 sicuramente legato al fatto che i comportamenti scorretti di poche persone possono offuscare l\u2019immagine complessiva di un\u2019istituzione, spesso macchinosa e bisognosa di riforme. Il problema per\u00f2 \u00e8 anche dovuto alla disinformazione che mina la fiducia negli ordinamenti: purtroppo esistono singoli e gruppi di persone che hanno interesse alla destabilizzazione sociale.[\/vc_column_text][vc_column_text]<strong>La morale e i comportamenti esemplari sono temi scottanti, soprattutto in relazione alla politica. Si sente spesso dire che i politici predicano bene, ma razzolano male\u2026<\/strong><br \/>\nSenza alcuna intenzione di banalizzare il problema possiamo affermare che, per quanto increscioso, fa parte dei comportamenti umani. Ci\u00f2 non significa che gli ideali e le questioni per cui qualcuno si batte non sono pi\u00f9 validi, se vengono disattesi proprio da chi li propugna, e tanto meno possiamo prendere questo come pretesto per comportarci allo stesso modo.[\/vc_column_text][\/vc_column][vc_column width=&#8221;1\/2&#8243;][vc_column_text]<strong>Anche la Chiesa cattolica, negli anni passati, \u00e8 stata al centro di scandali sessuali e altri comportamenti immorali: in che modo pu\u00f2 essere all\u2019altezza dei propri princ\u00ecpi?<\/strong><br \/>\nAttraverso la ferma volont\u00e0 di far venire alla luce i casi di abuso, offrendo alle vittime la possibilit\u00e0 di giustizia e facendo tutto il possibile per impedire che tali episodi si ripetano in futuro, il che comprende anche una seria analisi e il cambiamento di alcuni aspetti sistemico-strutturali interni.[\/vc_column_text][vc_column_text]<strong>Il Natale, la festa dell\u2019amore, \u00e8 alle porte. Il messaggio natalizio racchiude anche un segnale di speranza?<\/strong><br \/>\nIl Natale offre una pausa dalla frenesia quotidiana, un momento per riflettere su chi e cosa sia davvero importante. Si celebra la certezza che, nell\u2019oscurit\u00e0 del mondo e della nostra vita, si fa strada una luce: il messaggio di Dio, a cui stanno a cuore le nostre sorti.[\/vc_column_text][vc_column_text]<strong>Quali parole vorrebbe rivolgere ai nostri lettori per l\u2019inizio del nuovo anno?<\/strong><br \/>\nAuguro a tutti voi di trovare la forza per affrontare i vostri compiti e almeno una piccola gioia al giorno, ma soprattutto di incontrare persone che meritano la vostra fiducia e il vostro amore. E che Dio vi benedica![\/vc_column_text][\/vc_column][\/vc_row][vc_row][vc_column]<div class=\"ult-spacer\" style=\"height:35px;clear:both;display:block;\"><\/div>[\/vc_column][\/vc_row][vc_row][vc_column width=&#8221;1\/6&#8243;][\/vc_column][vc_column width=&#8221;2\/3&#8243;][vc_column_text]<\/p>\n<h2 class=\"h2-lines\">CENNI BIOGRAFICI<\/h2>\n<p>Padre Martin M. Lintner OSM, classe 1972, \u00e8 nato e cresciuto ad Aldino. Membro dell\u2019Ordine dei Servi di Maria, dal 2009 \u00e8 docente di teologia morale e teologia spirituale presso lo <a href=\"http:\/\/www.studioteologico.it\/it\/studio-teologico-accademico-bressanone.html?_ga=2.238300416.1423852196.1607010141-2069714783.1607010141\" target=\"_blank\" rel=\"noopener noreferrer\">Studio Teologico Accademico di Bressanone,<\/a> oltre a insegnare etica allo Studium generale della <a href=\"https:\/\/www.unibz.it\/it\/\" target=\"_blank\" rel=\"noopener noreferrer\">Libera Universit\u00e0 di Bolzano.<\/a> Dall\u2019agosto 2013 \u00e8 membro del comitato regionale europeo dei <a href=\"https:\/\/catholicethics.com\/\" target=\"_blank\" rel=\"noopener noreferrer\">CTEWC<\/a> (Catholic Theological Ethicists in the World Church); dal 2013 al 2015 \u00e8 stato presidente della Societ\u00e0 europea per la teologia cattolica, dal 2014 al 2017 della Rete Internazionale delle Associazioni di Teologia Cattolica e dal 2017 al 2019 dell\u2019Associazione Internazionale per la Teologia Morale e l\u2019Etica Sociale. \u00c8 inoltre membro del comitato etico della Provincia Autonoma di Bolzano e di quello etico clinico di Innsbruck.<\/p>\n<p>&nbsp;<\/p>\n<hr class=\"green-line\" \/>\n<p>[\/vc_column_text][\/vc_column][vc_column width=&#8221;1\/6&#8243;][\/vc_column][\/vc_row]<\/p>\n","protected":false},"excerpt":{"rendered":"<p>[vc_row][vc_column width=&#8221;1\/2&#8243;][vc_column_text]Professor Lintner, cos\u2019\u00e8 la teologia morale? Pu\u00f2 offrire un aiuto concreto alle persone? Prof. Martin M. Lintner. La teologia morale, ovvero l\u2019etica collocata in un contesto teologico, si occupa delle pi\u00f9 disparate questioni legate alla condotta umana. Per un verso, va alla ricerca di risposte, motivandole con l\u2019aiuto della ragione e nell\u2019ambito di un [&hellip;]<\/p>\n","protected":false},"author":2,"featured_media":8611,"comment_status":"open","ping_status":"open","sticky":false,"template":"","format":"standard","meta":{"footnotes":""},"categories":[38],"tags":[62,64],"class_list":["post-8677","post","type-post","status-publish","format-standard","has-post-thumbnail","hentry","category-a-colloquio","tag-interview","tag-interview-it"],"_links":{"self":[{"href":"https:\/\/magazin.raiffeisen.it\/it\/wp-json\/wp\/v2\/posts\/8677","targetHints":{"allow":["GET"]}}],"collection":[{"href":"https:\/\/magazin.raiffeisen.it\/it\/wp-json\/wp\/v2\/posts"}],"about":[{"href":"https:\/\/magazin.raiffeisen.it\/it\/wp-json\/wp\/v2\/types\/post"}],"author":[{"embeddable":true,"href":"https:\/\/magazin.raiffeisen.it\/it\/wp-json\/wp\/v2\/users\/2"}],"replies":[{"embeddable":true,"href":"https:\/\/magazin.raiffeisen.it\/it\/wp-json\/wp\/v2\/comments?post=8677"}],"version-history":[{"count":7,"href":"https:\/\/magazin.raiffeisen.it\/it\/wp-json\/wp\/v2\/posts\/8677\/revisions"}],"predecessor-version":[{"id":9749,"href":"https:\/\/magazin.raiffeisen.it\/it\/wp-json\/wp\/v2\/posts\/8677\/revisions\/9749"}],"wp:featuredmedia":[{"embeddable":true,"href":"https:\/\/magazin.raiffeisen.it\/it\/wp-json\/wp\/v2\/media\/8611"}],"wp:attachment":[{"href":"https:\/\/magazin.raiffeisen.it\/it\/wp-json\/wp\/v2\/media?parent=8677"}],"wp:term":[{"taxonomy":"category","embeddable":true,"href":"https:\/\/magazin.raiffeisen.it\/it\/wp-json\/wp\/v2\/categories?post=8677"},{"taxonomy":"post_tag","embeddable":true,"href":"https:\/\/magazin.raiffeisen.it\/it\/wp-json\/wp\/v2\/tags?post=8677"}],"curies":[{"name":"wp","href":"https:\/\/api.w.org\/{rel}","templated":true}]}}