{"id":8363,"date":"2020-08-07T00:22:35","date_gmt":"2020-08-06T22:37:35","guid":{"rendered":"http:\/\/magazin.raiffeisen.it\/?p=8363"},"modified":"2021-12-10T16:31:41","modified_gmt":"2021-12-10T14:31:41","slug":"escursione-circolare-alla-malga-obisell","status":"publish","type":"post","link":"https:\/\/magazin.raiffeisen.it\/it\/escursione-circolare-alla-malga-obisell\/","title":{"rendered":"Escursione circolare alla Malga Obisell"},"content":{"rendered":"<p>[vc_row][vc_column width=&#8221;1\/3&#8243;][vc_column_text]<\/p>\n<h2 class=\"h2-lines\">Dati del tour<\/h2>\n<p><strong>Lunghezza:<\/strong> 10,6\u2009km<br \/>\n<strong>Tempo di percorrenza:<\/strong> 4,18\u2009h<br \/>\n<strong>Salita:<\/strong> 860\u2009m<br \/>\n<strong>Discesa:<\/strong> 855\u2009m<br \/>\n<strong>Grado di difficolt\u00e0:<\/strong> medio<\/p>\n<p>&nbsp;<\/p>\n<p><a href=\"https:\/\/www.alpenvereinaktiv.com\/it\/tour\/obisellseealm-rundwanderung\/19944643\/\" target=\"_blank\" rel=\"noopener noreferrer\">Il tour per iPhone e Android<\/a>[\/vc_column_text][vc_column_text]<\/p>\n<hr class=\"green-line\" \/>\n<p>[\/vc_column_text][\/vc_column][vc_column width=&#8221;1\/3&#8243;][vc_column_text]<\/p>\n<h2 class=\"h2-lines\">Descrizione del percorso<\/h2>\n<p>Punto di partenza sono i masi Ober\u00f6bersth\u00f6fe. Sul sentiero n.\u20095 si sale a Malga Obisell e da l\u00ec si imbocca il sentiero Kameradensteig fino alla cima Pfitschk\u00f6pfl. In alternativa, \u00e8 possibile prendere il n.\u200921, e da cima Pfitschk\u00f6pfl il n.\u200921a, per tornare al punto di partenza.[\/vc_column_text][vc_column_text]<\/p>\n<hr class=\"green-line\" \/>\n<p>[\/vc_column_text][\/vc_column][vc_column width=&#8221;1\/3&#8243;][vc_column_text]<\/p>\n<h2 class=\"h2-lines\">guida naturalistica e paesaggistica<\/h2>\n<p>\u201cAssolutamente da non perdere i canederli all\u2019ortica della Malga Obisell. Chi parcheggia ai masi Ober\u00f6bersth\u00f6fe, dovrebbe fare una sosta anche l\u00ec in segno di ringraziamento: ne vale davvero la pena!\u201d<\/p>\n<p>&nbsp;<\/p>\n<p>Olav Lutz, guida naturalistica-paesaggistica, <a href=\"mailto:olav.lutz@rolmail.net\" target=\"_blank\" rel=\"noopener noreferrer\">olav.lutz@rolmail.net<\/a>[\/vc_column_text][vc_column_text]<\/p>\n<hr class=\"green-line\" \/>\n<p>[\/vc_column_text][\/vc_column][\/vc_row][vc_row][vc_column]<div class=\"ult-spacer\" style=\"height:35px;clear:both;display:block;\"><\/div>[\/vc_column][\/vc_row][vc_row full_width=&#8221;stretch_row_content&#8221; bg_type=&#8221;image&#8221; bg_override=&#8221;full&#8221; el_class=&#8221;hidden-phone&#8221; gmbt_prlx_bg_type=&#8221;parallax&#8221; gmbt_prlx_break_parents=&#8221;0&#8243; gmbt_prlx_opacity=&#8221;100&#8243; gmbt_prlx_video_aspect_ratio=&#8221;16:9&#8243; gmbt_prlx_parallax=&#8221;none&#8221; gmbt_prlx_speed=&#8221;0.3&#8243;][vc_column]<div class='gambit_parallax_row' data-bg-align='' data-direction='fixed' data-opacity='100' data-velocity='-0.3' data-mobile-enabled='' data-bg-height='800' data-bg-width='1200' data-bg-image='https:\/\/magazin.raiffeisen.it\/wp-content\/uploads\/2020\/08\/Raiffeisen-Obisellsee-Blick-auf-Spitzhorn.jpg' data-bg-repeat='false' style='display: none'><\/div><div class=\"ult-spacer\" style=\"height:350px;clear:both;display:block;\"><\/div>[vc_column_text]<\/p>\n<div class=\"image-subtext-white\">\u2002Il laghetto Obisell con vista sul Corno<\/div>\n<p>[\/vc_column_text]<div class=\"ult-spacer\" style=\"height:10px;clear:both;display:block;\"><\/div>[\/vc_column][vc_column][\/vc_column][\/vc_row][vc_row el_class=&#8221;visible-phone&#8221; gmbt_prlx_bg_type=&#8221;parallax&#8221; gmbt_prlx_break_parents=&#8221;0&#8243; gmbt_prlx_opacity=&#8221;100&#8243; gmbt_prlx_video_aspect_ratio=&#8221;16:9&#8243; gmbt_prlx_parallax=&#8221;none&#8221; gmbt_prlx_speed=&#8221;0.3&#8243;][vc_column][vc_single_image image=&#8221;8315&#8243; img_size=&#8221;full&#8221; alignment=&#8221;center&#8221;][\/vc_column][\/vc_row][vc_row][vc_column]<div class=\"ult-spacer\" style=\"height:35px;clear:both;display:block;\"><\/div>[\/vc_column][\/vc_row][vc_row][vc_column][vc_column_text]La nostra escursione ci conduce questa volta in Val Passiria. Subito dopo Rifiano, svoltiamo a destra in direzione del paesino di Vernurio. Lungo una strada molto stretta, raggiungiamo l\u2019Ober\u00f6bersthof dove parcheggiamo. In questo luogo, punteggiato da singoli masi, sorgono due trattorie, l\u2019Obersthof e l\u2019Untersthof.[\/vc_column_text][vc_column_text]<\/p>\n<hr class=\"black-line\" \/>\n<p>[\/vc_column_text][\/vc_column][\/vc_row][vc_row][vc_column width=&#8221;1\/2&#8243;][vc_column_text]<\/p>\n<h2 class=\"h2-bold\">Antico paesaggio alpestre<\/h2>\n<p>Imbocchiamo il sentiero n. 5 in direzione della Malga Obisell di sotto. Dopo il percorso nel bosco raggiungiamo un terreno aperto. La giornata estiva particolarmente calda e l\u2019ascesa lungo la pendice ci fa sudare non poco. Il sole picchia senza piet\u00e0 e nessun albero ci offre riparo. Viste le condizioni, \u00e8 consigliato portare con s\u00e9 una buona quantit\u00e0 di acqua. In ca. due ore raggiungiamo il bivacco Obisell di sotto. Dopo una breve pausa all\u2019ombra della baita, ci cimentiamo nella salita verso la malga di sopra, graziosamente adagiata a 2.100 m s.l.m., accanto all\u2019idilliaco laghetto omonimo. Ne facciamo il giro con le rane che ci danno il benvenuto, prima di accomodarci sulla terrazza. Le mucche scorrazzano sulle sue rive con i loro campanacci che fanno da colonna sonora.[\/vc_column_text][\/vc_column][vc_column width=&#8221;1\/2&#8243;][vc_column_text]<\/p>\n<h2 class=\"h2-bold\">Silenzio e specialit\u00e0 della malga<\/h2>\n<p>A pranzo, i canederli all\u2019ortica e lo stufato di agnello ci danno la giusta carica, mentre le rive del lago ci cullano durante il riposino post-prandiale. I pi\u00f9 temerari osano tuffarsi nelle gelide acque del laghetto, incastonato in una conca e protetto dalla Guardia Alta e dal Corno, di cui \u00e8 possibile affrontare la scalata se il riposo si facesse troppo noioso. La nostra escursione procede per\u00f2 in discesa, dapprima sul medesimo tracciato, per poi svoltare a destra e proseguire sul sentiero Kameradensteig verso cima Pfitschk\u00f6pfl. Anche il n. 21 conduce verso questo punto panoramico e alla croce di vetta. Da l\u00ec proseguiamo in ripida discesa seguendo il n. 21a e la cresta della montagna. Attraverso un percorso nel bosco ritorniamo quindi al maso Ober\u00f6bersthof, il nostro punto di partenza.[\/vc_column_text][\/vc_column][\/vc_row]<\/p>\n","protected":false},"excerpt":{"rendered":"<p>[vc_row][vc_column width=&#8221;1\/3&#8243;][vc_column_text] Dati del tour Lunghezza: 10,6\u2009km Tempo di percorrenza: 4,18\u2009h Salita: 860\u2009m Discesa: 855\u2009m Grado di difficolt\u00e0: medio &nbsp; Il tour per iPhone e Android[\/vc_column_text][vc_column_text] [\/vc_column_text][\/vc_column][vc_column width=&#8221;1\/3&#8243;][vc_column_text] Descrizione del percorso Punto di partenza sono i masi Ober\u00f6bersth\u00f6fe. Sul sentiero n.\u20095 si sale a Malga Obisell e da l\u00ec si imbocca il sentiero Kameradensteig fino [&hellip;]<\/p>\n","protected":false},"author":2,"featured_media":8314,"comment_status":"open","ping_status":"open","sticky":false,"template":"","format":"standard","meta":{"footnotes":""},"categories":[68],"tags":[71],"class_list":["post-8363","post","type-post","status-publish","format-standard","has-post-thumbnail","hentry","category-consigli-e-svago","tag-suggerimento-di-escursione"],"_links":{"self":[{"href":"https:\/\/magazin.raiffeisen.it\/it\/wp-json\/wp\/v2\/posts\/8363","targetHints":{"allow":["GET"]}}],"collection":[{"href":"https:\/\/magazin.raiffeisen.it\/it\/wp-json\/wp\/v2\/posts"}],"about":[{"href":"https:\/\/magazin.raiffeisen.it\/it\/wp-json\/wp\/v2\/types\/post"}],"author":[{"embeddable":true,"href":"https:\/\/magazin.raiffeisen.it\/it\/wp-json\/wp\/v2\/users\/2"}],"replies":[{"embeddable":true,"href":"https:\/\/magazin.raiffeisen.it\/it\/wp-json\/wp\/v2\/comments?post=8363"}],"version-history":[{"count":5,"href":"https:\/\/magazin.raiffeisen.it\/it\/wp-json\/wp\/v2\/posts\/8363\/revisions"}],"predecessor-version":[{"id":9769,"href":"https:\/\/magazin.raiffeisen.it\/it\/wp-json\/wp\/v2\/posts\/8363\/revisions\/9769"}],"wp:featuredmedia":[{"embeddable":true,"href":"https:\/\/magazin.raiffeisen.it\/it\/wp-json\/wp\/v2\/media\/8314"}],"wp:attachment":[{"href":"https:\/\/magazin.raiffeisen.it\/it\/wp-json\/wp\/v2\/media?parent=8363"}],"wp:term":[{"taxonomy":"category","embeddable":true,"href":"https:\/\/magazin.raiffeisen.it\/it\/wp-json\/wp\/v2\/categories?post=8363"},{"taxonomy":"post_tag","embeddable":true,"href":"https:\/\/magazin.raiffeisen.it\/it\/wp-json\/wp\/v2\/tags?post=8363"}],"curies":[{"name":"wp","href":"https:\/\/api.w.org\/{rel}","templated":true}]}}