{"id":8180,"date":"2020-06-09T00:28:45","date_gmt":"2020-06-09T00:28:45","guid":{"rendered":"http:\/\/magazin.raiffeisen.it\/?p=8180"},"modified":"2021-12-10T16:32:57","modified_gmt":"2021-12-10T14:32:57","slug":"coronavirus-la-riscossa-del-telelavoro","status":"publish","type":"post","link":"https:\/\/magazin.raiffeisen.it\/it\/coronavirus-la-riscossa-del-telelavoro\/","title":{"rendered":"Coronavirus, la riscossa del telelavoro"},"content":{"rendered":"<p>[vc_row][vc_column][vc_column_text]Per quanto gravi possano essere le conseguenze del coronavirus su salute, economia e societ\u00e0, c\u2019\u00e8 un risvolto positivo che riguarda le metodologie di lavoro digitali. Se lo smart working (ovvero il lavoro agile, non vincolato a orari e luoghi), almeno sulla carta, era considerato il modello del futuro, fino ad oggi erano poche le imprese ad averlo messo in pratica. Tuttavia, il blocco delle attivit\u00e0 e della vita pubblica, volto ad arginare la pandemia di Covid-19, ha obbligato migliaia di lavoratori a convertirsi, praticamente dall\u2019oggi al domani, dal tradizionale lavoro d\u2019ufficio all\u2019home office. Le aziende hanno dovuto muoversi rapidamente e con la massima flessibilit\u00e0 per garantire l\u2019operativit\u00e0 e cercare di arginare, per quanto possibile, gli effetti negativi del lockdown.[\/vc_column_text][vc_column_text]<\/p>\n<hr class=\"black-line\" \/>\n<p>[\/vc_column_text][\/vc_column][\/vc_row][vc_row][vc_column width=&#8221;2\/3&#8243;][vc_column_text]<\/p>\n<h2 class=\"h2-bold\">Pro e contro<\/h2>\n<p>Il telelavoro comporta diverse sfide: viene meno il confine tra privato e professionale, si crea isolamento sociale, insorgono problemi di comunicazione e difficolt\u00e0 tecniche, devono essere osservate le norme sulla protezione dei dati e in materia di lavoro. Eppure, la situazione di emergenza ha sgombrato il campo da ogni perplessit\u00e0. Alcuni studi hanno dimostrato che la produttivit\u00e0 dei lavoratori \u00e8 pi\u00f9 elevata se possono operare con modalit\u00e0 \u201csmart\u201d: l\u2019ideale sarebbe uno o due giorni la settimana di telelavoro.<br \/>\nIn base <a href=\"http:\/\/afi-ipl.org\/it\/istituto\/#.XtC8TsZCQ60\" target=\"_blank\" rel=\"noopener noreferrer\">all\u2019Istituto Promozione Lavoratori (Ipl)<\/a>, un vantaggio \u00e8 legato alla conciliabilit\u00e0 di impegni famigliari e professionali, non solo per chi ha figli, ma anche per chi deve assistere familiari anziani o bisognosi di cure. Ma lo smart working schiude nuove opportunit\u00e0 anche a disabili e pendolari, in quest\u2019ultimo caso con una riduzione del traffico ed evidenti riflessi positivi sull\u2019ambiente. Infine, le imprese possono accrescere la loro attrattiva quali datori di lavoro.[\/vc_column_text][vc_column_text]<\/p>\n<h2 class=\"h2-bold\">Margine di crescita<\/h2>\n<p>Le modalit\u00e0 operative dopo la crisi cambieranno decisamente, schiudendo nuove prospettive, di questo ne sono convinti in molti. \u201cIl coronavirus ci offre l\u2019opportunit\u00e0 di digitalizzare economia, amministrazione e sanit\u00e0 in maniera ancora pi\u00f9 efficace\u201d, ha affermato Achim Berg, presidente di <a href=\"https:\/\/www.bitkom.org\/\" target=\"_blank\" rel=\"noopener noreferrer\">Bitkom<\/a>, associazione tedesca per le tecnologie dell\u2019informazione. Sulla stessa linea si muove anche Stefan Perini, direttore <a href=\"http:\/\/afi-ipl.org\/it\/istituto\/#.XtC8osZCQ60\" target=\"_blank\" rel=\"noopener noreferrer\">dell\u2019Istituto Promozione Lavoratori<\/a>: \u201cIl coronavirus ha lanciato una vera e propria offensiva in termini di digitalizzazione\u201d. Sebbene non tutti i settori possano lavorare in modalit\u00e0 \u201cagile\u201d, secondo l\u2019Ipl, anche in Alto Adige il telelavoro \u00e8 destinato ad affermarsi in molti ambiti.<br \/>\nPer questo, non sarebbe ragionevole considerare l\u2019home office esclusivamente come strumento di crisi. \u201cStiamo assistendo a un\u2019opportunit\u00e0 per ottimizzare processi operativi e flussi informativi nelle imprese\u201d, sostiene Perini, \u201ce, per molti titolari d\u2019azienda, si tratta di un interessante ambito sperimentale e importante processo di apprendimento\u201d.[\/vc_column_text][\/vc_column][vc_column width=&#8221;1\/3&#8243;][vc_column_text]<\/p>\n<h2 class=\"h2-lines\">Smart working<\/h2>\n<p>Questo termine designa un\u2019impostazione di lavoro che, attraverso l\u2019impiego di tecnologie moderne, favorisce la flessibilit\u00e0 e un\u2019operativit\u00e0 non vincolata a orari e luoghi, strettamente correlata al concetto di telelavoro (home office).<\/p>\n<p>&nbsp;<\/p>\n<hr class=\"green-line\" \/>\n<p>[\/vc_column_text][vc_column_text]<\/p>\n<h2 class=\"h2-lines\">I principali vantaggi dello smart working per il datore di lavoro<\/h2>\n<p><strong>Percentuale di imprese che citano questi motivi per l\u2019offerta del telelavoro (in %)<\/strong><\/p>\n<ul>\n<li>62\u2009% Flessibilit\u00e0 degli occupati<\/li>\n<li>55\u2009% Conciliabilit\u00e0 di famiglia e lavoro<\/li>\n<li>47\u2009% Raggiungibilit\u00e0 dei collaboratori (ad es. durante un viaggio di lavoro)<\/li>\n<li>45\u2009% Maggiore produttivit\u00e0<\/li>\n<li>36\u2009% Risparmio dei tempi di trasferimento<\/li>\n<li>35\u2009% Accrescimento dell\u2019attrattiva quale datore di lavoro<\/li>\n<li>26\u2009% Tranquillit\u00e0 del posto di lavoro<\/li>\n<\/ul>\n<p><span class=\"source-small\">Fonte: ISTITUTO PROMOZIONE LAVORATORI <a href=\"http:\/\/afi-ipl.org\/it\/istituto\/#.XtC9fcZCQ60\" target=\"_blank\" rel=\"noopener noreferrer\">(IPL)<\/a><\/span><\/p>\n<p>&nbsp;<\/p>\n<hr class=\"green-line\" \/>\n<p>[\/vc_column_text][\/vc_column][\/vc_row]<\/p>\n","protected":false},"excerpt":{"rendered":"<p>[vc_row][vc_column][vc_column_text]Per quanto gravi possano essere le conseguenze del coronavirus su salute, economia e societ\u00e0, c\u2019\u00e8 un risvolto positivo che riguarda le metodologie di lavoro digitali. Se lo smart working (ovvero il lavoro agile, non vincolato a orari e luoghi), almeno sulla carta, era considerato il modello del futuro, fino ad oggi erano poche le imprese [&hellip;]<\/p>\n","protected":false},"author":2,"featured_media":8063,"comment_status":"open","ping_status":"open","sticky":false,"template":"","format":"standard","meta":{"footnotes":""},"categories":[32],"tags":[61],"class_list":["post-8180","post","type-post","status-publish","format-standard","has-post-thumbnail","hentry","category-denaro-co","tag-economia"],"_links":{"self":[{"href":"https:\/\/magazin.raiffeisen.it\/it\/wp-json\/wp\/v2\/posts\/8180","targetHints":{"allow":["GET"]}}],"collection":[{"href":"https:\/\/magazin.raiffeisen.it\/it\/wp-json\/wp\/v2\/posts"}],"about":[{"href":"https:\/\/magazin.raiffeisen.it\/it\/wp-json\/wp\/v2\/types\/post"}],"author":[{"embeddable":true,"href":"https:\/\/magazin.raiffeisen.it\/it\/wp-json\/wp\/v2\/users\/2"}],"replies":[{"embeddable":true,"href":"https:\/\/magazin.raiffeisen.it\/it\/wp-json\/wp\/v2\/comments?post=8180"}],"version-history":[{"count":5,"href":"https:\/\/magazin.raiffeisen.it\/it\/wp-json\/wp\/v2\/posts\/8180\/revisions"}],"predecessor-version":[{"id":9772,"href":"https:\/\/magazin.raiffeisen.it\/it\/wp-json\/wp\/v2\/posts\/8180\/revisions\/9772"}],"wp:featuredmedia":[{"embeddable":true,"href":"https:\/\/magazin.raiffeisen.it\/it\/wp-json\/wp\/v2\/media\/8063"}],"wp:attachment":[{"href":"https:\/\/magazin.raiffeisen.it\/it\/wp-json\/wp\/v2\/media?parent=8180"}],"wp:term":[{"taxonomy":"category","embeddable":true,"href":"https:\/\/magazin.raiffeisen.it\/it\/wp-json\/wp\/v2\/categories?post=8180"},{"taxonomy":"post_tag","embeddable":true,"href":"https:\/\/magazin.raiffeisen.it\/it\/wp-json\/wp\/v2\/tags?post=8180"}],"curies":[{"name":"wp","href":"https:\/\/api.w.org\/{rel}","templated":true}]}}