{"id":7688,"date":"2019-12-10T00:23:48","date_gmt":"2019-12-10T00:23:48","guid":{"rendered":"http:\/\/magazin.raiffeisen.it\/?p=7688"},"modified":"2021-12-10T16:46:48","modified_gmt":"2021-12-10T14:46:48","slug":"check-up-sanitario-nella-giornata-mondiale-del-risparmio","status":"publish","type":"post","link":"https:\/\/magazin.raiffeisen.it\/it\/check-up-sanitario-nella-giornata-mondiale-del-risparmio\/","title":{"rendered":"Check-up sanitario nella Giornata mondiale del risparmio"},"content":{"rendered":"<p>[vc_row][vc_column width=&#8221;1\/6&#8243;][\/vc_column][vc_column width=&#8221;2\/3&#8243;][vc_column_text]<\/p>\n<p style=\"text-align: center;\"><span class=\"initial\">La previdenza finanziaria \u00e8 s\u00ec importante, ma quella sanitaria non \u00e8 da meno.<\/span><\/p>\n<p>[\/vc_column_text][\/vc_column][vc_column width=&#8221;1\/6&#8243;][\/vc_column][\/vc_row][vc_row][vc_column width=&#8221;1\/2&#8243;][vc_column_text]Seguendo questo principio, <a href=\"https:\/\/www.raiffeisen.it\/it\/wipptal\/MP\/privati.html?rid=2&amp;cHash=b067ba25838bf18a1d13ea76936e932f\" target=\"_blank\" rel=\"noopener noreferrer\">la Cassa Raiffeisen Wipptal<\/a> ha organizzato un evento ad hoc nella Giornata mondiale del risparmio: i clienti hanno potuto affidarsi a degli specialisti per un check-up sanitario che comprendeva misurazione di glicemia, indice di massa corporea (BMI), saturazione dell\u2019ossigeno ecc.[\/vc_column_text][\/vc_column][vc_column width=&#8221;1\/2&#8243;][vc_column_text]Il controllo \u00e8 stato eseguito in loco da collaboratori della Fondazione Cuore Alto Adige e della Croce Bianca, insieme ai medici e alle infermiere locali. L\u2019iniziativa ha riscosso grande successo. Come di consueto, i clienti pi\u00f9 piccoli hanno trascorso un vivace pomeriggio in compagnia dell\u2019ape Sumsi, che li ha premiati per la loro solerzia ne risparmio.[\/vc_column_text][\/vc_column][\/vc_row]<\/p>\n","protected":false},"excerpt":{"rendered":"<p>[vc_row][vc_column width=&#8221;1\/6&#8243;][\/vc_column][vc_column width=&#8221;2\/3&#8243;][vc_column_text] La previdenza finanziaria \u00e8 s\u00ec importante, ma quella sanitaria non \u00e8 da meno. [\/vc_column_text][\/vc_column][vc_column width=&#8221;1\/6&#8243;][\/vc_column][\/vc_row][vc_row][vc_column width=&#8221;1\/2&#8243;][vc_column_text]Seguendo questo principio, la Cassa Raiffeisen Wipptal ha organizzato un evento ad hoc nella Giornata mondiale del risparmio: i clienti hanno potuto affidarsi a degli specialisti per un check-up sanitario che comprendeva misurazione di glicemia, indice di [&hellip;]<\/p>\n","protected":false},"author":2,"featured_media":7628,"comment_status":"open","ping_status":"open","sticky":false,"template":"","format":"standard","meta":{"footnotes":""},"categories":[101],"tags":[80],"class_list":["post-7688","post","type-post","status-publish","format-standard","has-post-thumbnail","hentry","category-gente-e-paesi","tag-societa-cooperativa"],"_links":{"self":[{"href":"https:\/\/magazin.raiffeisen.it\/it\/wp-json\/wp\/v2\/posts\/7688","targetHints":{"allow":["GET"]}}],"collection":[{"href":"https:\/\/magazin.raiffeisen.it\/it\/wp-json\/wp\/v2\/posts"}],"about":[{"href":"https:\/\/magazin.raiffeisen.it\/it\/wp-json\/wp\/v2\/types\/post"}],"author":[{"embeddable":true,"href":"https:\/\/magazin.raiffeisen.it\/it\/wp-json\/wp\/v2\/users\/2"}],"replies":[{"embeddable":true,"href":"https:\/\/magazin.raiffeisen.it\/it\/wp-json\/wp\/v2\/comments?post=7688"}],"version-history":[{"count":4,"href":"https:\/\/magazin.raiffeisen.it\/it\/wp-json\/wp\/v2\/posts\/7688\/revisions"}],"predecessor-version":[{"id":9804,"href":"https:\/\/magazin.raiffeisen.it\/it\/wp-json\/wp\/v2\/posts\/7688\/revisions\/9804"}],"wp:featuredmedia":[{"embeddable":true,"href":"https:\/\/magazin.raiffeisen.it\/it\/wp-json\/wp\/v2\/media\/7628"}],"wp:attachment":[{"href":"https:\/\/magazin.raiffeisen.it\/it\/wp-json\/wp\/v2\/media?parent=7688"}],"wp:term":[{"taxonomy":"category","embeddable":true,"href":"https:\/\/magazin.raiffeisen.it\/it\/wp-json\/wp\/v2\/categories?post=7688"},{"taxonomy":"post_tag","embeddable":true,"href":"https:\/\/magazin.raiffeisen.it\/it\/wp-json\/wp\/v2\/tags?post=7688"}],"curies":[{"name":"wp","href":"https:\/\/api.w.org\/{rel}","templated":true}]}}