{"id":7489,"date":"2019-10-17T00:29:59","date_gmt":"2019-10-17T00:29:59","guid":{"rendered":"http:\/\/magazin.raiffeisen.it\/?p=7489"},"modified":"2021-12-10T16:49:10","modified_gmt":"2021-12-10T14:49:10","slug":"la-mela-bio-non-casca-mai-lontano-dallalbero","status":"publish","type":"post","link":"https:\/\/magazin.raiffeisen.it\/it\/la-mela-bio-non-casca-mai-lontano-dallalbero\/","title":{"rendered":"La mela (bio) non casca mai lontano dall\u2019albero"},"content":{"rendered":"<p>[vc_row][vc_column][vc_column_text]<span class=\"initial\">Simon e Florian<\/span> Ruatti gestiscono due masi Bioland a Naturno. Il figlio, da sei anni alla guida dell\u2019azienda frutticola \u201cSaumoar\u201d, d\u00e0 massima importanza a una gestione dei \u00adterreni ecologica e all\u2019insegna della biodiversit\u00e0: il giovane 23enne ha gi\u00e0 affittato alcune superfici dove potr\u00e0 praticare un\u2019agricoltura in linea con la sua visione.[\/vc_column_text][\/vc_column][\/vc_row][vc_row][vc_column width=&#8221;2\/3&#8243;][vc_column_text]<\/p>\n<h2 class=\"h2-bold\">Partendo dalla gavetta<\/h2>\n<p>Simon ha appreso i rudimenti dell\u2019attivit\u00e0 nell\u2019azienda paterna di Florian Ruatti e ben presto si \u00e8 interessato a forme di coltivazione alternative, come la tecnica \u201cWWOOFF\u201d o la permacultura, che lo hanno spinto a concentrarsi sull\u2019agricoltura biologica.<br \/>\nTra i suoi\u00a0gioielli si contano sicuramente i vecchi meli Morgenduft, piantati negli anni Sessanta, ma anche altre gustose variet\u00e0 resistenti ai funghi.<\/p>\n<p>Da un po\u2019 di tempo, Simon fa anche parte del direttivo dell\u2019associazione Bioland. \u201cSono molto contento di collaborare all\u2019interno di un team giovane. Quest\u2019associazione \u00e8 articolata in numerosi comparti e c\u2019\u00e8 molto da fare, perch\u00e9 al momento stiamo attraversando un\u2019intensa fase di conversioni all\u2019agricoltura bio\u201d, ha affermato il\u00a0giovane coltivatore.[\/vc_column_text][\/vc_column][vc_column width=&#8221;1\/3&#8243;]<div id=\"popup_default-consultant\" style=\"display:none;\"> <div class=\"brlbs-cmpnt-container brlbs-cmpnt-content-blocker brlbs-cmpnt-with-individual-styles\" data-borlabs-cookie-content-blocker-id=\"default\" data-borlabs-cookie-content=\"PGlmcmFtZSBmcmFtZWJvcmRlcj0iMCIgaHNwYWNlPSIwIiBzcmM9Imh0dHA6Ly93d3cucmFpZmZlaXNlbi5pdC9pdC9wcmF0by10dWJyZT9raWQ9MTIwL3NlcnZpY2UtcG9ydGFsL2tvbnRha3Rmb3JtdWxhci5odG1sIiBpZD0iVEJfaWZyYW1lQ29udGVudCIgbmFtZT0iVEJfaWZyYW1lQ29udGVudDQ4IiBvbmxvYWQ9InRiX3Nob3dJZnJhbWUoKSIgc3R5bGU9IndpZHRoOjc4OHB4O2hlaWdodDo1NDhweDsiPjwvaWZyYW1lPg==\"><div class=\"brlbs-cmpnt-cb-preset-a\"> <p class=\"brlbs-cmpnt-cb-description\">Stai visualizzando un contenuto segnaposto da <strong>Predefinito<\/strong>. Per accedere al contenuto effettivo, clicca sul pulsante sottostante. Si prega di notare che in questo modo si condividono i dati con provider di terze parti.<\/p> <div class=\"brlbs-cmpnt-cb-buttons\"> <a class=\"brlbs-cmpnt-cb-btn\" href=\"#\" data-borlabs-cookie-unblock role=\"button\">Sblocca il contenuto<\/a> <a class=\"brlbs-cmpnt-cb-btn\" href=\"#\" data-borlabs-cookie-accept-service role=\"button\" style=\"display: none\">Accetta il servizio richiesto e sblocca i contenuti<\/a> <\/div> <a class=\"brlbs-cmpnt-cb-provider-toggle\" href=\"#\" data-borlabs-cookie-show-provider-information role=\"button\">Ulteriori informazioni<\/a> <\/div><\/div><\/div><a href=\"#TB_inline?width=788&height=570&inlineId=popup_default-consultant\" target=\"_blank\" class=\"green-box default-consultant thickbox default-consultant\"><div class=\"green-box-title\">Ihr Ansprechpartner<\/div><div class=\"green-box-text\">Kontakte aller Raiffeisenkassen<\/div><\/a>[\/vc_column][\/vc_row][vc_row][vc_column]<div class=\"ult-spacer\" style=\"height:35px;clear:both;display:block;\"><\/div>[\/vc_column][\/vc_row][vc_row][vc_column][vc_video link=&#8221;https:\/\/youtu.be\/2fYEHruTbKw&#8221;][\/vc_column][\/vc_row][vc_row][vc_column]<div class=\"ult-spacer\" style=\"height:35px;clear:both;display:block;\"><\/div>[\/vc_column][\/vc_row][vc_row][vc_column width=&#8221;1\/2&#8243;][vc_column_text]<\/p>\n<h2 class=\"h2-bold\">Coinvolta anche la vecchia generazione<\/h2>\n<p>La sua passione e il suo entusiasmo hanno contagiato anche il padre Florian, che ha deciso di trasformare anche la sua in un\u2019azienda bio, puntando in primo luogo su variet\u00e0 di frutta resistenti ai funghi. \u201cSono felice di aver ottenuto un finanziamento agevolato da Ethical Banking\u201d, ci ha riferito con orgoglio, \u201cperch\u00e9 mi consente la conversione a prodotti pi\u00f9 resistenti. Pur gestendo due masi differenti, dalla primavera all\u2019autunno mio figlio ed io collaboriamo spesso e quindi ci integriamo a vicenda\u201d.[\/vc_column_text][\/vc_column][vc_column width=&#8221;1\/2&#8243;][vc_column_text]<\/p>\n<h2 class=\"h2-bold\">Tutela della natura<\/h2>\n<p>Rafforzare flora e fauna, proteggendo la \u00adnatura, \u00e8 l\u2019imperativo di Simon. \u201cOgni agricoltore bio \u00addovrebbe indirizzare il suo lavoro alla \u00adpromozione della biodiversit\u00e0 e alla \u00adsalute dei terreni, per dare vita a prodotti sani e gustosi\u201d, ha affermato convinto. In futuro, la sua attivit\u00e0 sar\u00e0 alleggerita da un trattore con spazzatrice, anche questo finanziato da \u00adEthical \u00adBanking attraverso la Cassa Raiffeisen Bassa \u00adVenosta.[\/vc_column_text][\/vc_column][\/vc_row][vc_row][vc_column][vc_column_text]<\/p>\n<p style=\"text-align: center;\"><strong>Per saperne di pi\u00f9: <a href=\"https:\/\/www.youtube.com\/ethicalbanking\" target=\"_blank\" rel=\"noopener noreferrer\">www.youtube.com\/ethicalbanking<\/a><\/strong><\/p>\n<p style=\"text-align: center;\"><strong>Sito internet: <a href=\"http:\/\/www.ethicalbanking.it\/142.html\" target=\"_blank\" rel=\"noopener noreferrer\">www.ethicalbanking.it<\/a><\/strong><\/p>\n<p>[\/vc_column_text][\/vc_column][\/vc_row]<\/p>\n","protected":false},"excerpt":{"rendered":"<p>[vc_row][vc_column][vc_column_text]Simon e Florian Ruatti gestiscono due masi Bioland a Naturno. Il figlio, da sei anni alla guida dell\u2019azienda frutticola \u201cSaumoar\u201d, d\u00e0 massima importanza a una gestione dei \u00adterreni ecologica e all\u2019insegna della biodiversit\u00e0: il giovane 23enne ha gi\u00e0 affittato alcune superfici dove potr\u00e0 praticare un\u2019agricoltura in linea con la sua visione.[\/vc_column_text][\/vc_column][\/vc_row][vc_row][vc_column width=&#8221;2\/3&#8243;][vc_column_text] Partendo dalla gavetta [&hellip;]<\/p>\n","protected":false},"author":2,"featured_media":7399,"comment_status":"open","ping_status":"open","sticky":false,"template":"","format":"standard","meta":{"footnotes":""},"categories":[32],"tags":[53,82,14,22],"class_list":["post-7489","post","type-post","status-publish","format-standard","has-post-thumbnail","hentry","category-denaro-co","tag-investimento","tag-ethical-banking-2","tag-ethical-banking","tag-ethical-banking-it"],"_links":{"self":[{"href":"https:\/\/magazin.raiffeisen.it\/it\/wp-json\/wp\/v2\/posts\/7489","targetHints":{"allow":["GET"]}}],"collection":[{"href":"https:\/\/magazin.raiffeisen.it\/it\/wp-json\/wp\/v2\/posts"}],"about":[{"href":"https:\/\/magazin.raiffeisen.it\/it\/wp-json\/wp\/v2\/types\/post"}],"author":[{"embeddable":true,"href":"https:\/\/magazin.raiffeisen.it\/it\/wp-json\/wp\/v2\/users\/2"}],"replies":[{"embeddable":true,"href":"https:\/\/magazin.raiffeisen.it\/it\/wp-json\/wp\/v2\/comments?post=7489"}],"version-history":[{"count":4,"href":"https:\/\/magazin.raiffeisen.it\/it\/wp-json\/wp\/v2\/posts\/7489\/revisions"}],"predecessor-version":[{"id":9807,"href":"https:\/\/magazin.raiffeisen.it\/it\/wp-json\/wp\/v2\/posts\/7489\/revisions\/9807"}],"wp:featuredmedia":[{"embeddable":true,"href":"https:\/\/magazin.raiffeisen.it\/it\/wp-json\/wp\/v2\/media\/7399"}],"wp:attachment":[{"href":"https:\/\/magazin.raiffeisen.it\/it\/wp-json\/wp\/v2\/media?parent=7489"}],"wp:term":[{"taxonomy":"category","embeddable":true,"href":"https:\/\/magazin.raiffeisen.it\/it\/wp-json\/wp\/v2\/categories?post=7489"},{"taxonomy":"post_tag","embeddable":true,"href":"https:\/\/magazin.raiffeisen.it\/it\/wp-json\/wp\/v2\/tags?post=7489"}],"curies":[{"name":"wp","href":"https:\/\/api.w.org\/{rel}","templated":true}]}}