{"id":6970,"date":"2019-04-10T00:24:18","date_gmt":"2019-04-10T00:24:18","guid":{"rendered":"http:\/\/magazin.raiffeisen.it\/?p=6970"},"modified":"2021-12-10T17:02:24","modified_gmt":"2021-12-10T15:02:24","slug":"konverto-la-nuova-rete-it-di-raiffeisen","status":"publish","type":"post","link":"https:\/\/magazin.raiffeisen.it\/it\/konverto-la-nuova-rete-it-di-raiffeisen\/","title":{"rendered":"KONVERTO, la nuova rete IT di Raiffeisen"},"content":{"rendered":"<p>[vc_row][vc_column][vc_column_text]<strong>Sig. Gasser, quali sono i motivi che hanno spinto alla fusione le due societ\u00e0 della costellazione Raiffeisen, ROL e RUN, dando vita\u00a0a una nuova realt\u00e0?<\/strong><br \/>\n<span class=\"interview\">Paul Gasser.<\/span> Il rapido incalzare delle tecnologie digitali e l\u2019inasprimento della concorrenza richiedono l\u2019unione delle forze da parte dei singoli attori. Con la fusione di Raiffeisen OnLine e RUN, abbiamo gettato le basi per una pi\u00f9 ampia offerta in tema di IT a beneficio di 42.000 clienti: vogliamo sfruttare questo particolare momento, in cui entrambe le aziende godono di ottima salute, per attrezzarci in vista delle sfide future e\u00a0promuovere cos\u00ec gli sviluppi tecnologici.[\/vc_column_text][vc_column_text]<\/p>\n<hr class=\"black-line\" \/>\n<p>[\/vc_column_text][\/vc_column][\/vc_row][vc_row][vc_column width=&#8221;1\/2&#8243;][vc_column_text]<strong>Cosa significa il nome KONVERTO?<\/strong><br \/>\n<span class=\"interview\">Paul Gasser.<\/span> KONVERTO trae origine dall\u2019esperanto, la pi\u00f9 famosa lingua artificiale, e significa trasformazione: in questo nome si riflette il nostro obiettivo primario, ovvero quello di creare una \u201cconversione dell\u2019IT in valore di mercato e di vita\u201d. Il nostro intento \u00e8 assistere i clienti nella \u201ctrasformazione digitale\u201d, facendo s\u00ec che il risultato dei nuovi servizi IT si traduca in valore commerciale per l\u2019impresa.[\/vc_column_text][\/vc_column][vc_column width=&#8221;1\/2&#8243;][vc_column_text]<strong>Quali sono gli obiettivi perseguiti dalla nuova societ\u00e0 e qual \u00e8 la sua struttura organizzativa?<\/strong><br \/>\n<span class=\"interview\">Paul Gasser.<\/span> La fusione ha dato vita a un nuovo player in ambito IT, con un vasto portafoglio di servizi e una chiara strategia di crescita per i prossimi anni. L\u2019azienda \u00e8 posseduta quasi al 100 percento dal Sistema Raiffeisen: la Federazione Cooperative e la Cassa Centrale, rispettivamente primo e secondo socio di maggioranza, detengono insieme l\u201985 percento delle quote. Al\u00a0momento del suo avvio, vi lavorano 110\u00a0persone, il cui numero \u00e8 destinato a crescere nei pros\u00adsimi anni. Per il 2019 \u00e8 atteso un fatturato di\u00a019\u00a0\u00admilioni di euro.[\/vc_column_text][\/vc_column][\/vc_row][vc_row][vc_column]<div class=\"ult-spacer\" style=\"height:35px;clear:both;display:block;\"><\/div>[\/vc_column][\/vc_row][vc_row full_width=&#8221;stretch_row_content&#8221; bg_type=&#8221;image&#8221; bg_override=&#8221;full&#8221; el_class=&#8221;hidden-phone&#8221; gmbt_prlx_bg_type=&#8221;parallax&#8221; gmbt_prlx_break_parents=&#8221;0&#8243; gmbt_prlx_opacity=&#8221;100&#8243; gmbt_prlx_video_aspect_ratio=&#8221;16:9&#8243; gmbt_prlx_parallax=&#8221;none&#8221; gmbt_prlx_speed=&#8221;0.3&#8243;][vc_column]<div class='gambit_parallax_row' data-bg-align='' data-direction='fixed' data-opacity='100' data-velocity='-0.3' data-mobile-enabled='' data-bg-height='800' data-bg-width='1200' data-bg-image='https:\/\/magazin.raiffeisen.it\/wp-content\/uploads\/2019\/04\/A-O-Vollversammlung-ROL-RUN.jpg' data-bg-repeat='true' style='display: none'><\/div><div class=\"ult-spacer\" style=\"height:350px;clear:both;display:block;\"><\/div>[vc_column_text]<\/p>\n<div class=\"image-subtext-white\">Durante l\u2019assemblea straordinaria di ROL e RUN, il 16 gennaio 2019, \u00e8 stato dato il via libera alla nuova realt\u00e0 che si chiama KONVERTO<\/div>\n<p>[\/vc_column_text]<div class=\"ult-spacer\" style=\"height:10px;clear:both;display:block;\"><\/div>[\/vc_column][vc_column][\/vc_column][\/vc_row][vc_row el_class=&#8221;visible-phone&#8221; gmbt_prlx_bg_type=&#8221;parallax&#8221; gmbt_prlx_break_parents=&#8221;0&#8243; gmbt_prlx_opacity=&#8221;100&#8243; gmbt_prlx_video_aspect_ratio=&#8221;16:9&#8243; gmbt_prlx_parallax=&#8221;none&#8221; gmbt_prlx_speed=&#8221;0.3&#8243;][vc_column][vc_single_image image=&#8221;6910&#8243; img_size=&#8221;full&#8221; alignment=&#8221;center&#8221;][\/vc_column][\/vc_row][vc_row][vc_column]<div class=\"ult-spacer\" style=\"height:35px;clear:both;display:block;\"><\/div>[\/vc_column][\/vc_row][vc_row][vc_column width=&#8221;1\/2&#8243;][vc_column_text]<strong>Quali sono le competenze di base di KONVERTO e quali servizi intendete offrire?<\/strong><br \/>\n<span class=\"interview\">Paul Gasser.<\/span> Possiamo contare su competenze IT molto vaste e su una gamma di servizi che spazia dai collegamenti internet tramite fibra ottica ai servizi di sicurezza, dalla programmazione alla telefonia internet fino alla virtualizzazione dei posti di lavoro. Diamo molta importanza alla consulenza e all\u2019implementazione di nuove soluzioni nel contesto in rapida evoluzione del cloud computing, senza trascurare neppure protezione e sicurezza dei dati. \u00c8 inoltre nostra intenzione ampliare l\u2019attuale area self-service, offrendo cos\u00ec la possibilit\u00e0 di attivare e personalizzare 24 ore su 24 i nuovi servizi. Infine, \u00e8 in programma lo sviluppo di nuovi prodotti, che nei prossimi mesi siamo certi entusiasmeranno i nostri clienti.[\/vc_column_text][vc_column_text]<strong>Quali sono i segmenti di clientela cui si\u00a0rivolge\u00a0KONVERTO?<\/strong><br \/>\n<span class=\"interview\">Paul Gasser.<\/span> KONVERTO vuole offrire i propri servizi sia alle imprese che ai privati cittadini, assistendoli nelle loro necessit\u00e0 in tema di IT. In futuro, i prodotti saranno tarati in maniera ancora pi\u00f9 mirata sui singoli target.[\/vc_column_text][\/vc_column][vc_column width=&#8221;1\/2&#8243;][vc_column_text]<strong>Spesso si sente dire che il compito pi\u00f9 difficile, durante una fusione, \u00e8 quello di coniugare le diverse culture e strutture aziendali. Cosa ne pensa al riguardo?<\/strong><br \/>\n<span class=\"interview\">Paul Gasser.<\/span> Entrambe le aziende hanno registrato una crescita continua nell\u2019arco di due decenni, facendosi un nome sul mercato locale. Lo scorso anno abbiamo lavorato intensamente a una comune visione futura e ai preparativi in vista della fusione, constatando che non esistono aree di sovrapposizione, cos\u00ec che ciascuna realt\u00e0 pu\u00f2 apportare le sue particolari competenze. Le\u00a0attuali linee di prodotti sono complementari tra loro: ci\u00f2 che conta \u00e8 unire in maniera mirata le forze di ciascuna struttura per dare vita a un\u2019unit\u00e0 organica.[\/vc_column_text][vc_column_text]<strong>La fusione avr\u00e0 conseguenze sul personale gi\u00e0\u00a0in servizio e, se s\u00ec, in che misura?<\/strong><br \/>\n<span class=\"interview\">Paul Gasser.<\/span> I dipendenti dovranno diventare pi\u00f9 coesi, al pari dei componenti di un\u2019orchestra. Mi preme sottolineare che non ci sar\u00e0 alcun \u00adtaglio del personale, come accade spesso in queste operazioni: al contrario, la nostra strategia di crescita ci fa prevedere nuove assunzioni nei prossimi cinque anni.[\/vc_column_text][\/vc_column][\/vc_row][vc_row][vc_column][vc_column_text]<\/p>\n<hr class=\"black-line\" \/>\n<p>[\/vc_column_text][\/vc_column][\/vc_row][vc_row][vc_column width=&#8221;1\/4&#8243;][vc_single_image image=&#8221;6911&#8243; img_size=&#8221;full&#8221; alignment=&#8221;center&#8221; onclick=&#8221;img_link_large&#8221;][\/vc_column][vc_column width=&#8221;1\/4&#8243;][vc_single_image image=&#8221;6912&#8243; img_size=&#8221;full&#8221; alignment=&#8221;center&#8221; onclick=&#8221;img_link_large&#8221;][\/vc_column][vc_column width=&#8221;1\/2&#8243;][vc_column_text]I due nuovi direttori di KONVERTO, Peter Nagler e Peter Werth[\/vc_column_text][vc_column_text]<strong>Qual \u00e8 la compagine della direzione?<\/strong><br \/>\n<span class=\"interview\">Paul Gasser.<\/span> Abbiamo scelto consapevolmente di puntare su un management a due teste, composto dai direttori Peter Nagler e Peter Werth: entrambi possono apportare una lunga esperienza e s\u2019integrano nei loro ambiti di responsabilit\u00e0. Fanno parte dello staff anche i vicedirettori Alexander Demanega e Alexander Walln\u00f6fer, formando cos\u00ec su un team solido, in linea con gli ambiziosi obiettivi che si siamo posti.[\/vc_column_text][\/vc_column][\/vc_row][vc_row][vc_column][vc_column_text]<\/p>\n<hr class=\"black-line\" \/>\n<p>[\/vc_column_text][vc_column_text]<strong>All\u2019interno della nuova societ\u00e0 Lei riveste la carica di \u201camministratore delegato\u201d. Cosa\u00a0implica concretamente?<\/strong><br \/>\n<span class=\"interview\">Paul Gasser.<\/span> Che curer\u00f2 la fusione delle due aziende, assistendo i due direttori in questa operazione. Ci tengo particolarmente a promuovere l\u2019orientamento strategico dell\u2019impresa insieme alla strategia di crescita pianificata e ad attuare entrambi con successo.[\/vc_column_text][\/vc_column][\/vc_row]<\/p>\n","protected":false},"excerpt":{"rendered":"<p>[vc_row][vc_column][vc_column_text]Sig. Gasser, quali sono i motivi che hanno spinto alla fusione le due societ\u00e0 della costellazione Raiffeisen, ROL e RUN, dando vita\u00a0a una nuova realt\u00e0? Paul Gasser. Il rapido incalzare delle tecnologie digitali e l\u2019inasprimento della concorrenza richiedono l\u2019unione delle forze da parte dei singoli attori. Con la fusione di Raiffeisen OnLine e RUN, abbiamo [&hellip;]<\/p>\n","protected":false},"author":2,"featured_media":6901,"comment_status":"open","ping_status":"open","sticky":false,"template":"","format":"standard","meta":{"footnotes":""},"categories":[38],"tags":[61,62,64],"class_list":["post-6970","post","type-post","status-publish","format-standard","has-post-thumbnail","hentry","category-a-colloquio","tag-economia","tag-interview","tag-interview-it"],"_links":{"self":[{"href":"https:\/\/magazin.raiffeisen.it\/it\/wp-json\/wp\/v2\/posts\/6970","targetHints":{"allow":["GET"]}}],"collection":[{"href":"https:\/\/magazin.raiffeisen.it\/it\/wp-json\/wp\/v2\/posts"}],"about":[{"href":"https:\/\/magazin.raiffeisen.it\/it\/wp-json\/wp\/v2\/types\/post"}],"author":[{"embeddable":true,"href":"https:\/\/magazin.raiffeisen.it\/it\/wp-json\/wp\/v2\/users\/2"}],"replies":[{"embeddable":true,"href":"https:\/\/magazin.raiffeisen.it\/it\/wp-json\/wp\/v2\/comments?post=6970"}],"version-history":[{"count":4,"href":"https:\/\/magazin.raiffeisen.it\/it\/wp-json\/wp\/v2\/posts\/6970\/revisions"}],"predecessor-version":[{"id":9840,"href":"https:\/\/magazin.raiffeisen.it\/it\/wp-json\/wp\/v2\/posts\/6970\/revisions\/9840"}],"wp:featuredmedia":[{"embeddable":true,"href":"https:\/\/magazin.raiffeisen.it\/it\/wp-json\/wp\/v2\/media\/6901"}],"wp:attachment":[{"href":"https:\/\/magazin.raiffeisen.it\/it\/wp-json\/wp\/v2\/media?parent=6970"}],"wp:term":[{"taxonomy":"category","embeddable":true,"href":"https:\/\/magazin.raiffeisen.it\/it\/wp-json\/wp\/v2\/categories?post=6970"},{"taxonomy":"post_tag","embeddable":true,"href":"https:\/\/magazin.raiffeisen.it\/it\/wp-json\/wp\/v2\/tags?post=6970"}],"curies":[{"name":"wp","href":"https:\/\/api.w.org\/{rel}","templated":true}]}}