{"id":6198,"date":"2018-08-08T00:29:44","date_gmt":"2018-08-08T00:29:44","guid":{"rendered":"http:\/\/magazin.raiffeisen.it\/wohnen-im-baumhaus-2\/"},"modified":"2021-12-10T17:22:20","modified_gmt":"2021-12-10T15:22:20","slug":"vivere-in-una-casa-sullalbero","status":"publish","type":"post","link":"https:\/\/magazin.raiffeisen.it\/it\/vivere-in-una-casa-sullalbero\/","title":{"rendered":"Vivere in una \u201ccasa sull\u2019albero\u201d"},"content":{"rendered":"<p>[vc_row][vc_column width=&#8221;1\/1&#8243;][vc_column_text]<span class=\"initial\">Recentemente,<\/span> Thomas Egger ha realizzato un sogno a lungo coltivato, concretizzando un progetto abitativo-energetico sostenibile a San Pancrazio, in Val d\u2019Ultimo. L\u2019idea, oltre all\u2019abitazione di propriet\u00e0, coinvolge anche altre due case vacanza. Professionalmente, Thomas lavora gi\u00e0 da svariati anni nel settore ambientale ed energetico, disponendo quindi del necessario know-how.[\/vc_column_text][\/vc_column][\/vc_row][vc_row][vc_column width=&#8221;1\/1&#8243;]<div class=\"ult-spacer\" style=\"height:10px;clear:both;display:block;\"><\/div>[\/vc_column][\/vc_row][vc_row][vc_column width=&#8221;1\/1&#8243;][vc_video link=&#8221;https:\/\/youtu.be\/6SdlOYHLGmU&#8221;][\/vc_column][\/vc_row][vc_row][vc_column width=&#8221;1\/1&#8243;]<div class=\"ult-spacer\" style=\"height:10px;clear:both;display:block;\"><\/div>[\/vc_column][\/vc_row][vc_row][vc_column width=&#8221;1\/2&#8243;][vc_column_text]<\/p>\n<h2 class=\"h2-bold\">Sostenibile\u2026<\/h2>\n<p>\u201cI nostri progetti poggiano su tre pilastri: sostenibilit\u00e0, creazione di valore in loco e innovazione\u201d, spiega Thomas non senza un pizzico di orgoglio. Tutti i lavori sono stati svolti da artigiani della vallata, mentre il legno utilizzato proviene dal vicino maso Laugenhof. In fase di costruzione, inoltre, \u00e8 stata prestata particolare attenzione a un armonioso inserimento nell\u2019ambiente e nel territorio circostante, dando vita a una sorta di \u201ccasa sull\u2019albero\u201d!<\/p>\n<p>&nbsp;<\/p>\n<p>&nbsp;<\/p>\n<h2 class=\"h2-bold\">\u2026e rispettosa dell\u2019ambiente<\/h2>\n<p>L\u2019intero approvvigionamento energetico \u00e8 innovativo e sfrutta elusivamente risorse locali, contemplando le pi\u00f9 moderne tecnologie di accumulo dell\u2019energia, inclusa una stazione di ricarica per l\u2019auto elettrica, di cui Thomas \u00e8 entusiasta. \u201cLe sensazioni, al volante, sono incredibili e l\u2019auto \u00e8 estremamente silenziosa. E poi non ho sensi di colpa quando ricorro alle quattro ruote per coprire brevi distanze. Certo, l\u2019autonomia non \u00e8 illimitata, ma \u00e8 sufficiente adeguare la condotta di guida al mezzo\u201d.<\/p>\n<p>[\/vc_column_text][\/vc_column][vc_column width=&#8221;1\/2&#8243;][vc_column_text]<\/p>\n<h2 class=\"h2-bold\">Coltivazione biologica<\/h2>\n<p>Oltre alle tre unit\u00e0 abitative, la famiglia Egger intende intensificare ed estendere l\u2019agricoltura biologica anche al restante terreno, una parte del quale verr\u00e0 coltivato a ribes, mirtilli neri e rossi. Da svariati anni, la propriet\u00e0 \u00e8 certificata secondo le direttive Bioland e, in futuro, i prodotti verranno lavorati internamente, destinati al commercio diretto o venduti agli ospiti: \u201cL\u2019obiettivo a medio termine \u00e8 quello di creare almeno un altro posto di lavoro in loco\u201d, ribadisce Thomas. Ethical Banking ha finanziato questo esemplare modello abitativo-energetico sostenibile con la linea di credito \u201cEnergie rinnovabili\u201d.[\/vc_column_text][vc_column_text]<strong>Maggiori informazioni su: <\/strong><a href=\"https:\/\/www.youtube.com\/ethicalbanking\" target=\"_blank\" rel=\"noopener\"><strong>www.youtube.com\/ethicalbanking<\/strong><\/a><br \/>\n<strong>Pagina web: <a href=\"http:\/\/www.ethicalbanking.it\/142.html\" target=\"_blank\" rel=\"noopener\">www.ethicalbanking.it<\/a><\/strong>[\/vc_column_text][\/vc_column][\/vc_row][vc_row][vc_column width=&#8221;1\/3&#8243;][\/vc_column][vc_column width=&#8221;1\/3&#8243;]<div id=\"popup_default-consultant\" style=\"display:none;\"> <div class=\"brlbs-cmpnt-container brlbs-cmpnt-content-blocker brlbs-cmpnt-with-individual-styles\" data-borlabs-cookie-content-blocker-id=\"default\" data-borlabs-cookie-content=\"PGlmcmFtZSBmcmFtZWJvcmRlcj0iMCIgaHNwYWNlPSIwIiBzcmM9Imh0dHA6Ly93d3cucmFpZmZlaXNlbi5pdC9pdC9wcmF0by10dWJyZT9raWQ9MTIwL3NlcnZpY2UtcG9ydGFsL2tvbnRha3Rmb3JtdWxhci5odG1sIiBpZD0iVEJfaWZyYW1lQ29udGVudCIgbmFtZT0iVEJfaWZyYW1lQ29udGVudDQ4IiBvbmxvYWQ9InRiX3Nob3dJZnJhbWUoKSIgc3R5bGU9IndpZHRoOjc4OHB4O2hlaWdodDo1NDhweDsiPjwvaWZyYW1lPg==\"><div class=\"brlbs-cmpnt-cb-preset-a\"> <p class=\"brlbs-cmpnt-cb-description\">Stai visualizzando un contenuto segnaposto da <strong>Predefinito<\/strong>. Per accedere al contenuto effettivo, clicca sul pulsante sottostante. Si prega di notare che in questo modo si condividono i dati con provider di terze parti.<\/p> <div class=\"brlbs-cmpnt-cb-buttons\"> <a class=\"brlbs-cmpnt-cb-btn\" href=\"#\" data-borlabs-cookie-unblock role=\"button\">Sblocca il contenuto<\/a> <a class=\"brlbs-cmpnt-cb-btn\" href=\"#\" data-borlabs-cookie-accept-service role=\"button\" style=\"display: none\">Accetta il servizio richiesto e sblocca i contenuti<\/a> <\/div> <a class=\"brlbs-cmpnt-cb-provider-toggle\" href=\"#\" data-borlabs-cookie-show-provider-information role=\"button\">Ulteriori informazioni<\/a> <\/div><\/div><\/div><a href=\"#TB_inline?width=788&height=570&inlineId=popup_default-consultant\" target=\"_blank\" class=\"green-box default-consultant thickbox default-consultant\"><div class=\"green-box-title\">Ihr Ansprechpartner<\/div><div class=\"green-box-text\">Kontakte aller Raiffeisenkassen<\/div><\/a>[\/vc_column][vc_column width=&#8221;1\/3&#8243;][\/vc_column][\/vc_row]<\/p>\n","protected":false},"excerpt":{"rendered":"<p>[vc_row][vc_column width=&#8221;1\/1&#8243;][vc_column_text]Recentemente, Thomas Egger ha realizzato un sogno a lungo coltivato, concretizzando un progetto abitativo-energetico sostenibile a San Pancrazio, in Val d\u2019Ultimo. L\u2019idea, oltre all\u2019abitazione di propriet\u00e0, coinvolge anche altre due case vacanza. Professionalmente, Thomas lavora gi\u00e0 da svariati anni nel settore ambientale ed energetico, disponendo quindi del necessario know-how.[\/vc_column_text][\/vc_column][\/vc_row][vc_row][vc_column width=&#8221;1\/1&#8243;][\/vc_column][\/vc_row][vc_row][vc_column width=&#8221;1\/1&#8243;][vc_video link=&#8221;https:\/\/youtu.be\/6SdlOYHLGmU&#8221;][\/vc_column][\/vc_row][vc_row][vc_column width=&#8221;1\/1&#8243;][\/vc_column][\/vc_row][vc_row][vc_column width=&#8221;1\/2&#8243;][vc_column_text] [&hellip;]<\/p>\n","protected":false},"author":2,"featured_media":6118,"comment_status":"open","ping_status":"open","sticky":false,"template":"","format":"standard","meta":{"footnotes":""},"categories":[32],"tags":[22,53],"class_list":["post-6198","post","type-post","status-publish","format-standard","has-post-thumbnail","hentry","category-denaro-co","tag-ethical-banking-it","tag-investimento"],"_links":{"self":[{"href":"https:\/\/magazin.raiffeisen.it\/it\/wp-json\/wp\/v2\/posts\/6198","targetHints":{"allow":["GET"]}}],"collection":[{"href":"https:\/\/magazin.raiffeisen.it\/it\/wp-json\/wp\/v2\/posts"}],"about":[{"href":"https:\/\/magazin.raiffeisen.it\/it\/wp-json\/wp\/v2\/types\/post"}],"author":[{"embeddable":true,"href":"https:\/\/magazin.raiffeisen.it\/it\/wp-json\/wp\/v2\/users\/2"}],"replies":[{"embeddable":true,"href":"https:\/\/magazin.raiffeisen.it\/it\/wp-json\/wp\/v2\/comments?post=6198"}],"version-history":[{"count":3,"href":"https:\/\/magazin.raiffeisen.it\/it\/wp-json\/wp\/v2\/posts\/6198\/revisions"}],"predecessor-version":[{"id":9871,"href":"https:\/\/magazin.raiffeisen.it\/it\/wp-json\/wp\/v2\/posts\/6198\/revisions\/9871"}],"wp:featuredmedia":[{"embeddable":true,"href":"https:\/\/magazin.raiffeisen.it\/it\/wp-json\/wp\/v2\/media\/6118"}],"wp:attachment":[{"href":"https:\/\/magazin.raiffeisen.it\/it\/wp-json\/wp\/v2\/media?parent=6198"}],"wp:term":[{"taxonomy":"category","embeddable":true,"href":"https:\/\/magazin.raiffeisen.it\/it\/wp-json\/wp\/v2\/categories?post=6198"},{"taxonomy":"post_tag","embeddable":true,"href":"https:\/\/magazin.raiffeisen.it\/it\/wp-json\/wp\/v2\/tags?post=6198"}],"curies":[{"name":"wp","href":"https:\/\/api.w.org\/{rel}","templated":true}]}}