{"id":5710,"date":"2018-02-08T00:22:50","date_gmt":"2018-02-08T00:22:50","guid":{"rendered":"http:\/\/magazin.raiffeisen.it\/haflinger-panoramarunde-2\/"},"modified":"2021-12-10T17:31:02","modified_gmt":"2021-12-10T15:31:02","slug":"il-percorso-panoramico-di-avelengo","status":"publish","type":"post","link":"https:\/\/magazin.raiffeisen.it\/it\/il-percorso-panoramico-di-avelengo\/","title":{"rendered":"Il percorso panoramico di Avelengo"},"content":{"rendered":"<p>[vc_row][vc_column width=&#8221;1\/3&#8243;][vc_column_text]<\/p>\n<h2 class=\"h2-lines\">Dati del tour<\/h2>\n<p><strong>Itinerario:<\/strong> 16 km<br \/>\n<strong>Durata:<\/strong> 6 h e 53 min.<br \/>\n<strong>Ascesa:<\/strong> 707 m<br \/>\n<strong>Discesa:<\/strong> 713 m<br \/>\n<strong>Grado di difficolt\u00e0:<\/strong> medio<\/p>\n<p>&nbsp;<\/p>\n<p><a href=\"https:\/\/www.alpenvereinaktiv.com\/it\/tour\/haflinger-panoramarunde\/25200929\/\" target=\"_blank\" rel=\"noopener\">Il tour per \u00adiPhone e \u00adAndroid<\/a>[\/vc_column_text]<hr class=\"green-line\"\/>[\/vc_column][vc_column width=&#8221;1\/3&#8243;][vc_column_text]<\/p>\n<h2 class=\"h2-lines\">Descrizione del percorso<\/h2>\n<p>Il punto di partenza sono i Mittelbergh\u00f6fe. Seguendo il torrente lungo il sentiero n.\u00a015A, si approda al bivio per Malga Maia. Lungo il sentiero n. 15, si sale verso la piattaforma panoramica, al Passo delle Croce. Qui si scende sino al bivio per la Malga di Verano, dopo la quale si seguono le \u00adindicazioni\u00a0per \u00adMalga Wurzer. Da qui, s\u2019imbocca il sentiero 2A in direzione Avelengo (sentiero n. 1), per poi scendere ripida\u00admente lungo il bosco sino al\u00a0punto di partenza.[\/vc_column_text]<hr class=\"green-line\"\/>[\/vc_column][vc_column width=&#8221;1\/3&#8243;][vc_column_text]<\/p>\n<h2 class=\"h2-lines\">guida naturalistica e paesaggistica<\/h2>\n<p>In inverno, alcune malghe di questo tour, che senza dubbio meritano una sosta, sono aperte anche di domenica e nei giorni festivi. Alla Wurzer Alm, che propone formaggio fatto in casa, la straordinaria cuoca Ulli delizia i suoi ospiti con gustose sorprese culinarie.<\/p>\n<p>&nbsp;<\/p>\n<p>Olav Lutz, guida naturalistica-paesaggistica,<br \/>\n<a href=\"mailto:olav.lutz@rolmail.net\" target=\"_blank\" rel=\"noopener\">olav.lutz@rolmail.net<\/a>[\/vc_column_text]<hr class=\"green-line\"\/>[\/vc_column][\/vc_row][vc_row][vc_column width=&#8221;1\/1&#8243;]<div class=\"ult-spacer\" style=\"height:35px;clear:both;display:block;\"><\/div>[\/vc_column][\/vc_row][vc_row bg_type=&#8221;image&#8221; bg_grad=&#8221;background: -webkit-gradient(linear, left top, left bottom, color-stop(0%, #FBFBFB), color-stop(50%, #E3E3E3), color-stop(100%, #C2C2C2));background: -moz-linear-gradient(top,#FBFBFB 0%,#E3E3E3 50%,#C2C2C2 100%);background: -webkit-linear-gradient(top,#FBFBFB 0%,#E3E3E3 50%,#C2C2C2 100%);background: -o-linear-gradient(top,#FBFBFB 0%,#E3E3E3 50%,#C2C2C2 100%);background: -ms-linear-gradient(top,#FBFBFB 0%,#E3E3E3 50%,#C2C2C2 100%);background: linear-gradient(top,#FBFBFB 0%,#E3E3E3 50%,#C2C2C2 100%);&#8221; parallax_style=&#8221;vcpb-default&#8221; bg_image_new=&#8221;5639&#8243; bg_image_repeat=&#8221;no-repeat&#8221; bg_image_size=&#8221;cover&#8221; bg_img_attach=&#8221;fixed&#8221; parallax_sense=&#8221;30&#8243; bg_image_posiiton=&#8221;full with&#8221; bg_override=&#8221;ex-full&#8221; gmbt_prlx_bg_type=&#8221;parallax&#8221; gmbt_prlx_break_parents=&#8221;0&#8243; gmbt_prlx_opacity=&#8221;100&#8243; gmbt_prlx_video_aspect_ratio=&#8221;16:9&#8243; gmbt_prlx_parallax=&#8221;none&#8221; gmbt_prlx_speed=&#8221;0.3&#8243; el_class=&#8221;hidden-phone&#8221;][vc_column width=&#8221;1\/1&#8243;]<div class=\"ult-spacer\" style=\"height:350px;clear:both;display:block;\"><\/div>[vc_column_text]<\/p>\n<div class=\"image-subtext-white\">La tradizionale Malga Maia immersa nell\u2019atmosfera invernale<\/div>\n<p>[\/vc_column_text]<div class=\"ult-spacer\" style=\"height:10px;clear:both;display:block;\"><\/div>[\/vc_column][\/vc_row][vc_row el_class=&#8221;visible-phone&#8221; gmbt_prlx_bg_type=&#8221;parallax&#8221; gmbt_prlx_break_parents=&#8221;0&#8243; gmbt_prlx_opacity=&#8221;100&#8243; gmbt_prlx_video_aspect_ratio=&#8221;16:9&#8243; gmbt_prlx_parallax=&#8221;none&#8221; gmbt_prlx_speed=&#8221;0.3&#8243; bg_type=&#8221;theme_default&#8221; bg_grad=&#8221;background: -webkit-gradient(linear, left top, left bottom, color-stop(0%, #FBFBFB), color-stop(50%, #E3E3E3), color-stop(100%, #C2C2C2));background: -moz-linear-gradient(top,#FBFBFB 0%,#E3E3E3 50%,#C2C2C2 100%);background: -webkit-linear-gradient(top,#FBFBFB 0%,#E3E3E3 50%,#C2C2C2 100%);background: -o-linear-gradient(top,#FBFBFB 0%,#E3E3E3 50%,#C2C2C2 100%);background: -ms-linear-gradient(top,#FBFBFB 0%,#E3E3E3 50%,#C2C2C2 100%);background: linear-gradient(top,#FBFBFB 0%,#E3E3E3 50%,#C2C2C2 100%);&#8221; parallax_style=&#8221;vcpb-default&#8221; bg_image_repeat=&#8221;no-repeat&#8221; bg_image_size=&#8221;cover&#8221; bg_img_attach=&#8221;fixed&#8221; parallax_sense=&#8221;30&#8243; bg_override=&#8221;0&#8243;][vc_column width=&#8221;1\/1&#8243;][vc_single_image image=&#8221;5639&#8243; border_color=&#8221;grey&#8221; img_link_target=&#8221;_self&#8221; img_size=&#8221;full&#8221;][\/vc_column][\/vc_row][vc_row][vc_column width=&#8221;1\/1&#8243;]<div class=\"ult-spacer\" style=\"height:35px;clear:both;display:block;\"><\/div>[\/vc_column][\/vc_row][vc_row][vc_column width=&#8221;1\/1&#8243;][vc_column_text]<span class=\"initial\">In macchina,<\/span> ci dirigiamo verso Avelengo e al bivio per Falzeben (di fronte alla stazione di rifornimento) proseguiamo per alcune centinaia di metri sino a svoltare nel Vicolo Forri, nella parte alta del paese, raggiungendo i Mittelberg\u00adh\u00f6fen: qui \u00e8 possibile parcheggiare, meglio ancora se prima dei masi. Ci incamminiamo lungo il ruscello Almbach, seguendo il segnavia n. 15, per poi svoltare a sinistra e raggiungere, dopo un quarto d\u2019ora, un bivio. Imbocchiamo il percorso n. 15A, il vecchio sentiero della malga, che s\u2019inerpica attraverso il fitto bosco in direzione di Malga Maia. Dopo un\u2019altra mezz\u2019ora, raggiungiamo la malga, sopra la quale continuiamo lungo il sentiero n. 15 in direzione del Passo della Croce, cui approdiamo nel giro di 40 minuti. Qui, alla nostra sinistra, si ergono il Picco d\u2019Ivigna innevato e il soleggiato comprensorio sciistico Merano 2000. Dal Passo della Croce, \u00e8 possibile proseguire a sinistra sino alla vetta del Monte Spieler con una sosta al Rifugio Merano.[\/vc_column_text][\/vc_column][\/vc_row][vc_row][vc_column width=&#8221;1\/2&#8243;][vc_column_text]<\/p>\n<h2 class=\"h2-bold\">Un panorama invernale mozzafiato<\/h2>\n<p>La nostra escursione ci conduce invece a destra, lungo il Sentiero Europeo E5, alla piattaforma panoramica, da cui si schiude una vista mozzafiato a 360\u00b0. Ammiriamo le Odle che si \u00adstagliano in lontananza, il Catinaccio, la Mendola, il Gruppo del Brenta e i Tremila della Val d\u2019Ultimo. Lo sguardo abbraccia il ghiacciaio dell\u2019Ortles e il Gruppo del Tessa, mentre alle nostre spalle si erge il Picco d\u2019Ivigna. Nelle giornate pi\u00f9 limpide, il panorama \u00e8 di una bellezza commovente.[\/vc_column_text][\/vc_column][vc_column width=&#8221;1\/2&#8243;][vc_column_text]<\/p>\n<h2 class=\"h2-bold\">Malghe tradizionali con piatti tipici<\/h2>\n<p>Il vento gelido spazza il sentiero che scende in direzione dell\u2019assolata Malga di Verano. \u00adAnche\u00a0Malga Wurzer, cui approdiamo 20 minuti pi\u00f9 tardi, \u00e8 esposta al sole: nel 2014, \u00e8 stata insignita del titolo \u201cMalga dell\u2019anno\u201d e non a caso. Dopo esserci rifocillati con un dolce di castagne fatto in casa, riprendiamo il \u00adcammino, scendendo lungo il sentiero 2A. \u00adAttenzione: in\u00a0corrispondenza del bivio di Avelengo, \u00adlasciamo il sentiero forestale per imboccare la ripida via n. 1, sino ad approdare, dopo circa 40\u00a0minuti, al punto di partenza. Ancora immersi nelle suggestioni di questa escursione panoramica, decidiamo di ripetere l\u2019esperienza in \u00adestate.[\/vc_column_text][\/vc_column][\/vc_row]<\/p>\n","protected":false},"excerpt":{"rendered":"<p>[vc_row][vc_column width=&#8221;1\/3&#8243;][vc_column_text] Dati del tour Itinerario: 16 km Durata: 6 h e 53 min. Ascesa: 707 m Discesa: 713 m Grado di difficolt\u00e0: medio &nbsp; Il tour per \u00adiPhone e \u00adAndroid[\/vc_column_text][\/vc_column][vc_column width=&#8221;1\/3&#8243;][vc_column_text] Descrizione del percorso Il punto di partenza sono i Mittelbergh\u00f6fe. Seguendo il torrente lungo il sentiero n.\u00a015A, si approda al bivio per Malga [&hellip;]<\/p>\n","protected":false},"author":2,"featured_media":5638,"comment_status":"open","ping_status":"open","sticky":false,"template":"","format":"standard","meta":{"footnotes":""},"categories":[68],"tags":[71],"class_list":["post-5710","post","type-post","status-publish","format-standard","has-post-thumbnail","hentry","category-consigli-e-svago","tag-suggerimento-di-escursione"],"_links":{"self":[{"href":"https:\/\/magazin.raiffeisen.it\/it\/wp-json\/wp\/v2\/posts\/5710","targetHints":{"allow":["GET"]}}],"collection":[{"href":"https:\/\/magazin.raiffeisen.it\/it\/wp-json\/wp\/v2\/posts"}],"about":[{"href":"https:\/\/magazin.raiffeisen.it\/it\/wp-json\/wp\/v2\/types\/post"}],"author":[{"embeddable":true,"href":"https:\/\/magazin.raiffeisen.it\/it\/wp-json\/wp\/v2\/users\/2"}],"replies":[{"embeddable":true,"href":"https:\/\/magazin.raiffeisen.it\/it\/wp-json\/wp\/v2\/comments?post=5710"}],"version-history":[{"count":4,"href":"https:\/\/magazin.raiffeisen.it\/it\/wp-json\/wp\/v2\/posts\/5710\/revisions"}],"predecessor-version":[{"id":9902,"href":"https:\/\/magazin.raiffeisen.it\/it\/wp-json\/wp\/v2\/posts\/5710\/revisions\/9902"}],"wp:featuredmedia":[{"embeddable":true,"href":"https:\/\/magazin.raiffeisen.it\/it\/wp-json\/wp\/v2\/media\/5638"}],"wp:attachment":[{"href":"https:\/\/magazin.raiffeisen.it\/it\/wp-json\/wp\/v2\/media?parent=5710"}],"wp:term":[{"taxonomy":"category","embeddable":true,"href":"https:\/\/magazin.raiffeisen.it\/it\/wp-json\/wp\/v2\/categories?post=5710"},{"taxonomy":"post_tag","embeddable":true,"href":"https:\/\/magazin.raiffeisen.it\/it\/wp-json\/wp\/v2\/tags?post=5710"}],"curies":[{"name":"wp","href":"https:\/\/api.w.org\/{rel}","templated":true}]}}