{"id":5518,"date":"2017-12-07T00:23:55","date_gmt":"2017-12-07T00:23:55","guid":{"rendered":"http:\/\/magazin.raiffeisen.it\/das-wunder-von-weihnachten-ereignet-sich-immer-wieder-2\/"},"modified":"2021-12-10T17:37:56","modified_gmt":"2021-12-10T15:37:56","slug":"il-miracolo-del-natale-si-ripete-ogni-volta","status":"publish","type":"post","link":"https:\/\/magazin.raiffeisen.it\/it\/il-miracolo-del-natale-si-ripete-ogni-volta\/","title":{"rendered":"\u201cIl miracolo del Natale si\u00a0ripete ogni volta\u201c"},"content":{"rendered":"<p>[vc_row][vc_column width=&#8221;1\/2&#8243;][vc_column_text]<strong>Egregio don Renner, a Natale molte persone frequentano la chiesa, mentre durante l\u2019anno si limitano ad ammirarla dall\u2019esterno. Questo fatto La riempie di gioia o La inquieta?<\/strong><br \/>\n<span class=\"interview\">Paolo Renner.<\/span> Non posso che rallegrarmene, e per due ragioni: innanzitutto, perch\u00e9 ho l\u2019occasione di rivedere persone che normalmente sono molto impegnate, ma anche perch\u00e9 questa festa \u00adcommemora la nascita di Ges\u00f9. La celebrazione congiunta della liturgia natalizia \u00e8 l\u2019espressione di un amore profondo e fedele verso Ges\u00f9 Cristo.[\/vc_column_text][vc_column_text]<strong>Ritiene che il Natale si sia trasformato in una festa consumistica?<\/strong><br \/>\n<span class=\"interview\">Paolo Renner.<\/span> La celebrazione natalizia \u00e8 anche una festa laica fatta di regali, in cui fioriscono \u00adaffari e mercatini. Ma \u00e8 pur sempre il periodo in cui molte persone si dedicano in modo particolare alla loro spiritualit\u00e0. In molte parrocchie della nostra provincia, nei giorni feriali del periodo av\u00ad\u00adven\u00ad\u00adtizio, il mattino presto si celebrano le messe \u201cRorate Coeli\u201d, seguite da molte persone, in cui si\u00a0percepisce l\u2019attesa per la venuta del Signore, la vera e propria Nativit\u00e0.[\/vc_column_text][\/vc_column][vc_column width=&#8221;1\/2&#8243;][vc_column_text]<strong>Non crede che il messaggio natalizio della \u201cPace\u00a0in Terra\u201d sia fuori luogo ai giorni nostri, considerando i conflitti, il terrorismo e tutta la sofferenza che attanagliano il mondo?<\/strong><br \/>\n<span class=\"interview\">Paolo Renner.<\/span> Proprio la nostra epoca, flagellata da tensioni e violenza, \u00e8 alla ricerca di quest\u2019annuncio. Le persone anelano alla pace, all\u2019amicizia e alla vicinanza. La nascita di Ges\u00f9 Cristo \u00e8 il messaggio di pace di Dio al nostro mondo pazzo, ma rappresenta anche una grande speranza: il \u00adSignore ci \u00e8 vicino attraverso Ges\u00f9, in \u00adparticolare in questi tempi bui. Per questo il Natale \u00e8 un simbolo di conforto e il suo miracolo si ripete ogni qual volta le persone riescono a creare un\u2019atmo\u00adsfera di accoglienza, incontrandosi a livello umano, anche durante l\u2019anno. Come si pu\u00f2 leggere nella Bibbia, Dio non ama solo le persone animate da buona volont\u00e0, ma soprattutto le \u201cpecorelle smarrite\u201d, e questo infonde speranza in tutti noi.<\/p>\n<p>&nbsp;<\/p>\n<p style=\"text-align: center;\"><span class=\"interview\">Don Paolo Renner<\/span><\/p>\n<h2 class=\"h2-bold\" style=\"text-align: center;\">\u201cProprio in un\u2019epoca di tensioni e violenza come la nostra, c\u2019\u00e8 bisogno di un messaggio di pace\u201d<\/h2>\n<p>[\/vc_column_text][\/vc_column][\/vc_row][vc_row][vc_column width=&#8221;1\/1&#8243;]<div class=\"ult-spacer\" style=\"height:35px;clear:both;display:block;\"><\/div>[\/vc_column][\/vc_row][vc_row el_class=&#8221;hidden-phone&#8221; gmbt_prlx_bg_type=&#8221;parallax&#8221; gmbt_prlx_break_parents=&#8221;0&#8243; gmbt_prlx_opacity=&#8221;100&#8243; gmbt_prlx_video_aspect_ratio=&#8221;16:9&#8243; gmbt_prlx_parallax=&#8221;none&#8221; gmbt_prlx_speed=&#8221;0.3&#8243; bg_type=&#8221;image&#8221; bg_grad=&#8221;background: -webkit-gradient(linear, left top, left bottom, color-stop(0%, #FBFBFB), color-stop(50%, #E3E3E3), color-stop(100%, #C2C2C2));background: -moz-linear-gradient(top,#FBFBFB 0%,#E3E3E3 50%,#C2C2C2 100%);background: -webkit-linear-gradient(top,#FBFBFB 0%,#E3E3E3 50%,#C2C2C2 100%);background: -o-linear-gradient(top,#FBFBFB 0%,#E3E3E3 50%,#C2C2C2 100%);background: -ms-linear-gradient(top,#FBFBFB 0%,#E3E3E3 50%,#C2C2C2 100%);background: linear-gradient(top,#FBFBFB 0%,#E3E3E3 50%,#C2C2C2 100%);&#8221; parallax_style=&#8221;vcpb-default&#8221; bg_image_new=&#8221;5464&#8243; bg_image_repeat=&#8221;no-repeat&#8221; bg_image_size=&#8221;cover&#8221; bg_img_attach=&#8221;fixed&#8221; parallax_sense=&#8221;30&#8243; bg_override=&#8221;ex-full&#8221;][vc_column width=&#8221;1\/1&#8243;]<div class=\"ult-spacer\" style=\"height:350px;clear:both;display:block;\"><\/div>[vc_column_text]<\/p>\n<div class=\"image-subtext-white\">Paolo Renner \u00e8 impegnato a favore del dialogo interconfessionale,<br \/>\nil cui obiettivo \u00e8 quello di promuovere la conoscenza e lo scambio tra le diverse religioni<\/div>\n<p>[\/vc_column_text]<div class=\"ult-spacer\" style=\"height:10px;clear:both;display:block;\"><\/div>[\/vc_column][\/vc_row][vc_row el_class=&#8221;visible-phone&#8221; gmbt_prlx_bg_type=&#8221;parallax&#8221; gmbt_prlx_break_parents=&#8221;0&#8243; gmbt_prlx_opacity=&#8221;100&#8243; gmbt_prlx_video_aspect_ratio=&#8221;16:9&#8243; gmbt_prlx_parallax=&#8221;none&#8221; gmbt_prlx_speed=&#8221;0.3&#8243; bg_type=&#8221;theme_default&#8221; bg_grad=&#8221;background: -webkit-gradient(linear, left top, left bottom, color-stop(0%, #FBFBFB), color-stop(50%, #E3E3E3), color-stop(100%, #C2C2C2));background: -moz-linear-gradient(top,#FBFBFB 0%,#E3E3E3 50%,#C2C2C2 100%);background: -webkit-linear-gradient(top,#FBFBFB 0%,#E3E3E3 50%,#C2C2C2 100%);background: -o-linear-gradient(top,#FBFBFB 0%,#E3E3E3 50%,#C2C2C2 100%);background: -ms-linear-gradient(top,#FBFBFB 0%,#E3E3E3 50%,#C2C2C2 100%);background: linear-gradient(top,#FBFBFB 0%,#E3E3E3 50%,#C2C2C2 100%);&#8221; parallax_style=&#8221;vcpb-default&#8221; bg_image_repeat=&#8221;no-repeat&#8221; bg_image_size=&#8221;cover&#8221; bg_img_attach=&#8221;fixed&#8221; parallax_sense=&#8221;30&#8243; bg_override=&#8221;browser_size&#8221;][vc_column width=&#8221;1\/1&#8243;][vc_single_image image=&#8221;5464&#8243; border_color=&#8221;grey&#8221; img_link_target=&#8221;_self&#8221; img_size=&#8221;full&#8221; alignment=&#8221;center&#8221;][\/vc_column][\/vc_row][vc_row][vc_column width=&#8221;1\/1&#8243;]<div class=\"ult-spacer\" style=\"height:35px;clear:both;display:block;\"><\/div>[\/vc_column][\/vc_row][vc_row][vc_column width=&#8221;1\/1&#8243;][vc_column_text]<strong>Perch\u00e9 facciamo cos\u00ec tanta fatica a seguire le virt\u00f9 cristiane, come l\u2019amore per il prossimo?<\/strong><br \/>\n<span class=\"interview\">Paolo Renner.<\/span> Noi cristiani veneriamo la Santissima Trinit\u00e0: il Padre, il Figlio e lo Spirito Santo. Oggigiorno per\u00f2 il mondo \u00e8 guidato da altre divinit\u00e0: il denaro, l\u2019avidit\u00e0 e l\u2019avarizia, come ripete spesso il mio amico Sepp Kusstascher. Sono i tre nemici che tutte le religioni del mondo cercano di combattere: la cultura del \u201cno limits\u201d promuove una mentalit\u00e0 di consumo sfrenato, che va di pari passo con il cambiamento dei valori in atto. Tutto questo sta diventando la nostra rovina, poich\u00e9 spesso fa passare in secondo piano l\u2019aspetto umano.[\/vc_column_text][vc_column_text]<\/p>\n<hr class=\"black-line\" \/>\n<p>[\/vc_column_text][vc_column_text]<strong>Alla luce dei flussi sempre pi\u00f9 massicci di migranti, in molte persone cresce il timore per un\u2019eccessiva presenza di stranieri e nei confronti dell\u2019Islam. Cosa si sente di dire a queste persone?<\/strong><br \/>\n<span class=\"interview\">Paolo Renner.<\/span> Dobbiamo smetterla di definirci in virt\u00f9 di ci\u00f2 che ci divide, \u201cnoi contro gli altri\u201d. Questa distinzione interiore mi fa paura, poich\u00e9 \u00e8 fonte di terrore e aggressivit\u00e0. Durante i miei viaggi ho potuto osservare che le persone sono pi\u00f9 vicine tra loro di quanto verrebbe da pensare, a prescindere dalla loro origine e dalla cultura o \u00adreligione con cui sono cresciuti. Dovremmo apprezzare le differenze, accettare il prossimo e instaurarvi un dialogo. Per farlo, non \u00e8 necessario essere cristiani, basta essere uomini: proprio l\u2019umanit\u00e0 \u00e8 ci\u00f2 che deve legarci.[\/vc_column_text][\/vc_column][\/vc_row][vc_row][vc_column width=&#8221;1\/2&#8243;][vc_column_text]<strong>Come spiegherebbe il Natale a un musulmano?<\/strong><br \/>\n<span class=\"interview\">Paolo Renner.<\/span> Gli farei presente che il Natale \u00e8 conosciuto anche nel mondo islamico. Nel Corano, la quarta sura descrive la nascita di Ges\u00f9, seppur con minime differenze rispetto alla Bibbia. Ges\u00f9, che in arabo \u00e8 chiamato Isa, per il mondo musulmano \u00e8 un grande profeta cui vengono ascritte gesta miracolose, ma non \u00e8 il figlio di Dio, perch\u00e9 nell\u2019Islam Dio non ha figli. Per i cristiani, il Natale e i relativi simboli sono espressione della fede. Non dobbiamo rinunciare alla nostra religione e alle nostre usanze solo perch\u00e9 vivono qui da noi persone di confessioni diverse, cos\u00ec come non possiamo obbligare nessuno a praticare la nostra religione.[\/vc_column_text][vc_column_text]<strong>Il vescovo Muser invita ripetutamente i credenti all\u2019impegno politico: a Suo avviso, la Chiesa <\/strong><strong>ha\u00a0la forza di stimolare il dibattito sociale? E\u00a0tutto questo rientra tra i suoi compiti?<\/strong><br \/>\n<span class=\"interview\">Paolo Renner.<\/span> Proprio perch\u00e9 crediamo che Dio si sia fatto uomo prendendo le sembianze di Ges\u00f9 Cristo, la Chiesa deve trovare la forza e impegnarsi per la dignit\u00e0 degli uomini e per una convivenza all\u2019insegna della solidariet\u00e0. I cristiani devono interessarsi e farsi coinvolgere, mentre la Chiesa deve stare sempre dalla parte dei pi\u00f9 deboli, degli oppressi e dei poveri, con le parole e con i fatti. Questo appello \u00e8 rivolto spesso anche da Papa Francesco. La gente tende a paragonare la Chiesa solo con l\u2019istituzione e la dottrina che rappresenta, mentre \u00e8 molto di pi\u00f9: \u00e8 la comunit\u00e0 dei credenti e\u00a0il popolo di Dio. Tutti noi siamo chiamati a fare la nostra parte.<\/p>\n<p>&nbsp;<\/p>\n<p style=\"text-align: center;\"><span class=\"interview\">Don Paolo Renner<\/span><\/p>\n<h2 class=\"h2-bold\" style=\"text-align: center;\">\u201cI cristiani sono chiamati a impegnarsi per una convivenza pacifica e solidaristica\u201d.<\/h2>\n<p>[\/vc_column_text][\/vc_column][vc_column width=&#8221;1\/2&#8243;][vc_column_text]<strong>Come trascorre la Vigilia di Natale?<\/strong><br \/>\n<span class=\"interview\">Paolo Renner.<\/span> Per noi sacerdoti, il Natale \u00e8 alta stagione (ride): mi sposto da una messa all\u2019altra, ma vivo positivamente questo stress. Celebro la messa della Vigilia a San Pietro, sopra a Quarazze, dove accorrono molti fedeli e dove viviamo questo momento in un\u2019atmosfera meravigliosa. Quindi, celebro ancora nella mia comunit\u00e0 del \u201cCenacolo\u201d a Merano e, infine, con le mie sorelle e i loro figli, e\u00a0tutto questo mi riempie di gioia.[\/vc_column_text][vc_column_text]<strong>Quali sono i Suoi desideri per il 2018?<\/strong><br \/>\n<span class=\"interview\">Paolo Renner.<\/span> Nel 2018 ricorre il settantesimo anniversario della Dichiarazione universale dei diritti umani delle Nazioni Unite. Il mio \u00adauspicio \u00e8 che se\u00a0ne parli tutto l\u2019anno, soprattutto a \u00adproposito degli impegni che ne derivano. Il \u00adprossimo anno festegger\u00f2 60 anni: di cravatte, libri e altre cian\u00adfrusaglie ne ho a bizzeffe. Ci\u00f2 che desidero davvero sono maggiori segni di solidariet\u00e0, amore e dedizione nella nostra societ\u00e0, in una parola pi\u00f9 umanit\u00e0: quindi solo \u201cdoni solidaristici\u201d. Se qualcuno vuole rendermi felice, per prima cosa deve rendere felici gli altri.[\/vc_column_text][vc_column_text]<\/p>\n<h2 class=\"h2-lines\">CENNI BIOGRAFICI<\/h2>\n<p>Nato nel 1958 a Merano, don Paolo Renner ha studiato scienze agrarie, quindi teologia alla Pontificia Universit\u00e0 Gregoriana a Roma. Consacrato sacerdote nel 1985, dal 1988 \u00e8 docente di Teologia fondamentale, Scienze delle religioni e Teologia delle religioni presso lo Studio Teologico Accademico di Bressanone. Dal 1994 dirige l\u2019Istituto di\u00a0Scienze Religiose a Bolzano e dal 2009 il \u201cDE\u00a0PACE FIDEI\u00a0\u2013 Istituto ecumenico e interreligioso per la giustizia, la pace e la salvaguardia del creato\u201d. Designato prodecano nel 2014, nel 2016 \u00e8 stato insignito dell\u2019alta onorificenza dal Land del Tirolo.<\/p>\n<p>&nbsp;<\/p>\n<hr class=\"green-line\" \/>\n<p>[\/vc_column_text][\/vc_column][\/vc_row]<\/p>\n","protected":false},"excerpt":{"rendered":"<p>[vc_row][vc_column width=&#8221;1\/2&#8243;][vc_column_text]Egregio don Renner, a Natale molte persone frequentano la chiesa, mentre durante l\u2019anno si limitano ad ammirarla dall\u2019esterno. Questo fatto La riempie di gioia o La inquieta? Paolo Renner. Non posso che rallegrarmene, e per due ragioni: innanzitutto, perch\u00e9 ho l\u2019occasione di rivedere persone che normalmente sono molto impegnate, ma anche perch\u00e9 questa festa [&hellip;]<\/p>\n","protected":false},"author":2,"featured_media":5460,"comment_status":"open","ping_status":"open","sticky":false,"template":"","format":"standard","meta":{"footnotes":""},"categories":[38],"tags":[62,64,66],"class_list":["post-5518","post","type-post","status-publish","format-standard","has-post-thumbnail","hentry","category-a-colloquio","tag-interview","tag-interview-it","tag-persone"],"_links":{"self":[{"href":"https:\/\/magazin.raiffeisen.it\/it\/wp-json\/wp\/v2\/posts\/5518","targetHints":{"allow":["GET"]}}],"collection":[{"href":"https:\/\/magazin.raiffeisen.it\/it\/wp-json\/wp\/v2\/posts"}],"about":[{"href":"https:\/\/magazin.raiffeisen.it\/it\/wp-json\/wp\/v2\/types\/post"}],"author":[{"embeddable":true,"href":"https:\/\/magazin.raiffeisen.it\/it\/wp-json\/wp\/v2\/users\/2"}],"replies":[{"embeddable":true,"href":"https:\/\/magazin.raiffeisen.it\/it\/wp-json\/wp\/v2\/comments?post=5518"}],"version-history":[{"count":4,"href":"https:\/\/magazin.raiffeisen.it\/it\/wp-json\/wp\/v2\/posts\/5518\/revisions"}],"predecessor-version":[{"id":9913,"href":"https:\/\/magazin.raiffeisen.it\/it\/wp-json\/wp\/v2\/posts\/5518\/revisions\/9913"}],"wp:featuredmedia":[{"embeddable":true,"href":"https:\/\/magazin.raiffeisen.it\/it\/wp-json\/wp\/v2\/media\/5460"}],"wp:attachment":[{"href":"https:\/\/magazin.raiffeisen.it\/it\/wp-json\/wp\/v2\/media?parent=5518"}],"wp:term":[{"taxonomy":"category","embeddable":true,"href":"https:\/\/magazin.raiffeisen.it\/it\/wp-json\/wp\/v2\/categories?post=5518"},{"taxonomy":"post_tag","embeddable":true,"href":"https:\/\/magazin.raiffeisen.it\/it\/wp-json\/wp\/v2\/tags?post=5518"}],"curies":[{"name":"wp","href":"https:\/\/api.w.org\/{rel}","templated":true}]}}