{"id":5505,"date":"2017-12-07T00:26:39","date_gmt":"2017-12-07T00:26:39","guid":{"rendered":"http:\/\/magazin.raiffeisen.it\/spendenaktion-fuer-unwetterschaeden-raiffeisen-hilft-schnell-und-unbuerokratisch-2\/"},"modified":"2021-12-10T17:37:25","modified_gmt":"2021-12-10T15:37:25","slug":"spendenaktion-fuer-unwetterschaeden-raiffeisen-hilft-schnell-und-unbuerokratisch","status":"publish","type":"post","link":"https:\/\/magazin.raiffeisen.it\/it\/spendenaktion-fuer-unwetterschaeden-raiffeisen-hilft-schnell-und-unbuerokratisch\/","title":{"rendered":"Donazioni per i danni da maltempo \u2013 l\u2019aiuto rapido e snello di\u00a0Raiffeisen"},"content":{"rendered":"<p>[vc_row][vc_column width=&#8221;1\/2&#8243;][vc_column_text]<span class=\"initial\">Ci vorr\u00e0<\/span> ancora del tempo per rimediare ai danni causati dal maltempo lo scorso 5 agosto nella frazione di Ferrara di Braies che, nel frattempo, tenta di ritornare alla \u201cnormalit\u00e0\u201d. Oltre agli innumerevoli volontari, alla Protezione Civile, all\u2019Ufficio provinciale Bacini Montani, ai Comuni, alle frazioni e non solo, anche le Casse Raiffeisen dell\u2019Alta Val Pusteria si sono immediatamente attivate per prestare assistenza. In collaborazione con la Caritas parrocchiale di Ferrara di Braies e Villabassa, \u00e8 stato aperto un conto corrente per le donazioni.[\/vc_column_text][\/vc_column][vc_column width=&#8221;1\/2&#8243;][vc_column_text]Dalle quattro Casse Raiffeisen Monguelfo-\u00adCasies-Tesido, Villabassa, Dobbiaco e Alta Val Pusteria, cos\u00ec come dal fondo di solidariet\u00e0 Raiffeisen, sono stati versati 17.500 euro sul conto della Caritas. Un ulteriore contributo, pari a 19.000 euro, \u00e8 stato messo a disposizione dei soggetti direttamente interessati per coprire i costi dei lavori di risistemazione. In tutto, la somma stanziata da Raiffeisen ammonta a 37.000 euro, liquidata rapidamente e senza oneri buro\u00adcratici.[\/vc_column_text][\/vc_column][\/vc_row][vc_row][vc_column width=&#8221;1\/6&#8243;][\/vc_column][vc_column width=&#8221;2\/3&#8243;][vc_single_image image=&#8221;5442&#8243; alignment=&#8221;center&#8221; border_color=&#8221;grey&#8221; img_link_large=&#8221;yes&#8221; img_link_target=&#8221;_self&#8221; img_size=&#8221;full&#8221;][vc_column_text]<\/p>\n<p style=\"text-align: center;\">I danni alla frazione di Ferrara di Braies<\/p>\n<p>[\/vc_column_text][\/vc_column][vc_column width=&#8221;1\/6&#8243;][\/vc_column][\/vc_row]<\/p>\n","protected":false},"excerpt":{"rendered":"<p>[vc_row][vc_column width=&#8221;1\/2&#8243;][vc_column_text]Ci vorr\u00e0 ancora del tempo per rimediare ai danni causati dal maltempo lo scorso 5 agosto nella frazione di Ferrara di Braies che, nel frattempo, tenta di ritornare alla \u201cnormalit\u00e0\u201d. Oltre agli innumerevoli volontari, alla Protezione Civile, all\u2019Ufficio provinciale Bacini Montani, ai Comuni, alle frazioni e non solo, anche le Casse Raiffeisen dell\u2019Alta Val [&hellip;]<\/p>\n","protected":false},"author":2,"featured_media":5438,"comment_status":"open","ping_status":"open","sticky":false,"template":"","format":"standard","meta":{"footnotes":""},"categories":[101],"tags":[80],"class_list":["post-5505","post","type-post","status-publish","format-standard","has-post-thumbnail","hentry","category-gente-e-paesi","tag-societa-cooperativa"],"_links":{"self":[{"href":"https:\/\/magazin.raiffeisen.it\/it\/wp-json\/wp\/v2\/posts\/5505","targetHints":{"allow":["GET"]}}],"collection":[{"href":"https:\/\/magazin.raiffeisen.it\/it\/wp-json\/wp\/v2\/posts"}],"about":[{"href":"https:\/\/magazin.raiffeisen.it\/it\/wp-json\/wp\/v2\/types\/post"}],"author":[{"embeddable":true,"href":"https:\/\/magazin.raiffeisen.it\/it\/wp-json\/wp\/v2\/users\/2"}],"replies":[{"embeddable":true,"href":"https:\/\/magazin.raiffeisen.it\/it\/wp-json\/wp\/v2\/comments?post=5505"}],"version-history":[{"count":3,"href":"https:\/\/magazin.raiffeisen.it\/it\/wp-json\/wp\/v2\/posts\/5505\/revisions"}],"predecessor-version":[{"id":9910,"href":"https:\/\/magazin.raiffeisen.it\/it\/wp-json\/wp\/v2\/posts\/5505\/revisions\/9910"}],"wp:featuredmedia":[{"embeddable":true,"href":"https:\/\/magazin.raiffeisen.it\/it\/wp-json\/wp\/v2\/media\/5438"}],"wp:attachment":[{"href":"https:\/\/magazin.raiffeisen.it\/it\/wp-json\/wp\/v2\/media?parent=5505"}],"wp:term":[{"taxonomy":"category","embeddable":true,"href":"https:\/\/magazin.raiffeisen.it\/it\/wp-json\/wp\/v2\/categories?post=5505"},{"taxonomy":"post_tag","embeddable":true,"href":"https:\/\/magazin.raiffeisen.it\/it\/wp-json\/wp\/v2\/tags?post=5505"}],"curies":[{"name":"wp","href":"https:\/\/api.w.org\/{rel}","templated":true}]}}