{"id":4254,"date":"2016-10-07T00:28:15","date_gmt":"2016-10-07T00:28:15","guid":{"rendered":"http:\/\/magazin.raiffeisen.it\/die-zukunft-der-region-aktiv-gestalten-2\/"},"modified":"2021-12-10T17:59:08","modified_gmt":"2021-12-10T15:59:08","slug":"un-contributo-attivo-al-futuro-della-regione","status":"publish","type":"post","link":"https:\/\/magazin.raiffeisen.it\/it\/un-contributo-attivo-al-futuro-della-regione\/","title":{"rendered":"Un contributo attivo al futuro della regione"},"content":{"rendered":"<p>[vc_row][vc_column width=&#8221;1\/1&#8243;][vc_column_text]<span class=\"initial\">Brunico, con<\/span> i suoi 16.000 abitanti, \u00e8 il cuore pulsante della Val Pusteria, e non solo per la sua posizione geografica: anche sotto il profilo economico, turistico, culturale, ricreativo e formativo, questa cittadina ha molto da offrire e per numerose famiglie \u00e8 diventata un ambito luogo di residenza che attira sempre pi\u00f9 persone. Al contrario, le piccole localit\u00e0 periferiche sparse sul territorio sono a minaccia di estinzione, poich\u00e9 la vita paesana sta gradualmente perdendo smalto e significato.[\/vc_column_text][vc_row_inner][vc_column_inner width=&#8221;1\/2&#8243;][vc_column_text]<\/p>\n<h2 class=\"h2-bold\">Cultura cooperativa<\/h2>\n<p>A questo cambiamento socio-strutturale in atto, la Cassa Raiffeisen di Brunico non ha voluto assistere inerte e, gi\u00e0 alcuni anni fa, ha promosso il programma \u201cCentri vitali\u201d, con l\u2019obiettivo di accrescere l\u2019attrattiva dei comuni del suo bacino d\u2019utenza (Perca, Valdaora, Falzes, San Lorenzo, Rasun-Anterselva) e, di conseguenza, anche la qualit\u00e0 della vita degli abitanti. L\u2019impegno della Cassa Raiffeisen non \u00e8 una scelta casuale, ma \u00e8 insito nella sua identit\u00e0 di banca cooperativa, che si propone come una comunit\u00e0 di valori, consapevole della responsabilit\u00e0 per l\u2019intero territorio, come chiaramente espresso anche nel suo \u201cmodello\u201d con lo slogan \u201cPi\u00f9.Valore.Vita\u201d.[\/vc_column_text][\/vc_column_inner][vc_column_inner width=&#8221;1\/2&#8243;][vc_column_text]<\/p>\n<h2 class=\"h2-bold\">Promozione attiva della regione<\/h2>\n<p>\u201cSin dall\u2019inizio, noi della Cassa Raiffeisen eravamo convinti della validit\u00e0 di un programma di sviluppo locale orientato al futuro e, per questo, abbiamo dato il nostro appoggio al progetto. Possiamo cos\u00ec contribuire a plasmare attivamente la nostra regione, preservando un elemento essenziale delle tradizioni altoatesine: la vita paesana\u201d, ha affermato Anton Josef Kosta, direttore della Cassa Raiffeisen di Brunico. \u201cIl valore dei servizi offerti e delle iniziative messe in campo\u201d, ha proseguito, \u201cnon deve tradursi esclusivamente in vantaggi economici, ma ha principalmente lo scopo di accrescere la qualit\u00e0 della vita dei singoli e delle famiglie\u201d.[\/vc_column_text][\/vc_column_inner][\/vc_row_inner][vc_column_text]<\/p>\n<hr class=\"black-line\" \/>\n<p>[\/vc_column_text][\/vc_column][\/vc_row][vc_row][vc_column width=&#8221;2\/3&#8243;][vc_column_text]<\/p>\n<h2 class=\"h2-bold\">Organizzazione del progetto<\/h2>\n<p>Nel concreto, lo scopo del progetto \u201cCentri vitali\u201d era quello di sviluppare e mettere in pratica misure ad hoc per ravvivare il centro storico di alcune localit\u00e0. Articolata in varie fasi, l\u2019iniziativa comprendeva l\u2019analisi della situazione di partenza, l\u2019elaborazione di un \u201cmodello\u201d e di un pacchetto di misure per lo sviluppo del centro storico, oltre a un piano di approfondimento e assistenza nella fase attuativa.<br \/>\nPer ottenere il pi\u00f9 ampio consenso possibile tra la popolazione, sono stati essenziali l\u2019azione congiunta dei comuni e il vasto coinvolgimento dei cittadini, ma anche di importanti istituzioni come l\u2019assessorato provinciale per l\u2019economia, l\u2019Unione esercenti, l\u2019agenzia CIMA\/Citymarketing in veste di coordinatrice del progetto e alcuni rappresentanti della Cassa Raiffeisen di Brunico (direzione e consiglieri).<br \/>\nAd oggi, alcuni paesi hanno gi\u00e0 visto la positiva realizzazione di svariate misure sviluppate congiuntamente con la popolazione, tra cui nuovi modelli di riferimento per il traffico, l\u2019abbellimento dei centri storici, la realizzazione di spazi verdi e il miglioramento delle opportunit\u00e0 di shopping.[\/vc_column_text][vc_column_text]<\/p>\n<h2 class=\"h2-bold\">Partecipazione al finanziamento<\/h2>\n<p>Il finanziamento di questo ambizioso progetto \u00e8 avvenuto sulla base di una public\u2013private partnership (PPP) i cui costi complessivi, pari a circa 370.000 euro, sono stati sostenuti congiuntamente dai partner del progetto: la Cassa Raiffeisen si \u00e8 fatta carico della quota maggiore, sottolineando cos\u00ec l\u2019importanza che quest\u2019iniziativa riveste per la banca.[\/vc_column_text][\/vc_column][vc_column width=&#8221;1\/3&#8243;]<div class=\"ult-spacer\" style=\"height:10px;clear:both;display:block;\"><\/div>[vc_single_image image=&#8221;4153&#8243; alignment=&#8221;center&#8221; border_color=&#8221;grey&#8221; img_link_large=&#8221;yes&#8221; img_link_target=&#8221;_self&#8221; img_size=&#8221;full&#8221;]<div class=\"ult-spacer\" style=\"height:10px;clear:both;display:block;\"><\/div>[vc_column_text]<span class=\"interview\">Anton Josef Kosta, direttore della Cassa Raiffeisen di Brunico:<\/span><br \/>\n\u201cEssendo una banca cooperativa, vogliamo contribuire a creare condizioni di vita e di lavoro all\u2019insegna della responsabilit\u00e0 individuale nella Media Pusteria\u201d[\/vc_column_text][\/vc_column][\/vc_row]<\/p>\n","protected":false},"excerpt":{"rendered":"<p>[vc_row][vc_column width=&#8221;1\/1&#8243;][vc_column_text]Brunico, con i suoi 16.000 abitanti, \u00e8 il cuore pulsante della Val Pusteria, e non solo per la sua posizione geografica: anche sotto il profilo economico, turistico, culturale, ricreativo e formativo, questa cittadina ha molto da offrire e per numerose famiglie \u00e8 diventata un ambito luogo di residenza che attira sempre pi\u00f9 persone. Al [&hellip;]<\/p>\n","protected":false},"author":2,"featured_media":4148,"comment_status":"open","ping_status":"open","sticky":false,"template":"","format":"standard","meta":{"footnotes":""},"categories":[32],"tags":[80,88],"class_list":["post-4254","post","type-post","status-publish","format-standard","has-post-thumbnail","hentry","category-denaro-co","tag-societa-cooperativa","tag-futuro"],"_links":{"self":[{"href":"https:\/\/magazin.raiffeisen.it\/it\/wp-json\/wp\/v2\/posts\/4254","targetHints":{"allow":["GET"]}}],"collection":[{"href":"https:\/\/magazin.raiffeisen.it\/it\/wp-json\/wp\/v2\/posts"}],"about":[{"href":"https:\/\/magazin.raiffeisen.it\/it\/wp-json\/wp\/v2\/types\/post"}],"author":[{"embeddable":true,"href":"https:\/\/magazin.raiffeisen.it\/it\/wp-json\/wp\/v2\/users\/2"}],"replies":[{"embeddable":true,"href":"https:\/\/magazin.raiffeisen.it\/it\/wp-json\/wp\/v2\/comments?post=4254"}],"version-history":[{"count":5,"href":"https:\/\/magazin.raiffeisen.it\/it\/wp-json\/wp\/v2\/posts\/4254\/revisions"}],"predecessor-version":[{"id":9970,"href":"https:\/\/magazin.raiffeisen.it\/it\/wp-json\/wp\/v2\/posts\/4254\/revisions\/9970"}],"wp:featuredmedia":[{"embeddable":true,"href":"https:\/\/magazin.raiffeisen.it\/it\/wp-json\/wp\/v2\/media\/4148"}],"wp:attachment":[{"href":"https:\/\/magazin.raiffeisen.it\/it\/wp-json\/wp\/v2\/media?parent=4254"}],"wp:term":[{"taxonomy":"category","embeddable":true,"href":"https:\/\/magazin.raiffeisen.it\/it\/wp-json\/wp\/v2\/categories?post=4254"},{"taxonomy":"post_tag","embeddable":true,"href":"https:\/\/magazin.raiffeisen.it\/it\/wp-json\/wp\/v2\/tags?post=4254"}],"curies":[{"name":"wp","href":"https:\/\/api.w.org\/{rel}","templated":true}]}}