{"id":3889,"date":"2016-06-08T00:23:08","date_gmt":"2016-06-08T00:23:08","guid":{"rendered":"http:\/\/magazin.raiffeisen.it\/raiffeisen-leasing-die-ideale-loesung-fuer-neuinvestitionen-von-kmu-und-freiberuflern-2\/"},"modified":"2021-12-10T18:05:28","modified_gmt":"2021-12-10T16:05:28","slug":"raiffeisen-leasing-la-soluzione-ideale-per-gli-investimenti-di-pmi-e-liberi-professionisti","status":"publish","type":"post","link":"https:\/\/magazin.raiffeisen.it\/it\/raiffeisen-leasing-la-soluzione-ideale-per-gli-investimenti-di-pmi-e-liberi-professionisti\/","title":{"rendered":"Raiffeisen Leasing\u00ae, la soluzione ideale per gli investimenti di PMI e liberi professionisti"},"content":{"rendered":"<p>[vc_row][vc_column width=&#8221;1\/1&#8243;][vc_column_text]<strong>Sig. Flaim, ritiene che il leasing sia tutt\u2019ora interessante?<\/strong><br \/>\n<span class=\"interview\">Mirco Flaim.<\/span> Questo strumento finanziario prevede che la societ\u00e0 di leasing acquisti il bene e lo ceda in uso al locatario contro il pagamento di rate mensili, con la possibilit\u00e0 di acquistarlo definitivamente al termine del contratto. Un aspetto vantaggioso \u00e8 la riduzione dei tempi di ammortamento, fino alla met\u00e0 della durata ordinaria per i beni strumentali e i veicoli commerciali e fino a un minimo di 12 anni per gli immobili. L\u2019attuale livello basso dei tassi e i significativi benefici fiscali della legge di stabilit\u00e0 2016 a fronte dell\u2019acquisto di impianti e macchinari, anche se effettuato in leasing, rendono quest\u2019investimento ancora pi\u00f9 interessante.[\/vc_column_text][\/vc_column][\/vc_row][vc_row][vc_column width=&#8221;1\/2&#8243;][vc_column_text]<strong>Quali altri vantaggi \u00e8 possibile annoverare?<\/strong><br \/>\n<span class=\"interview\">Mirco Flaim.<\/span> La struttura del leasing (acconto, durata, valore residuo) pu\u00f2 essere modulata in maniera flessibile, tarandola sulle proprie esigenze. Gli esperti della Cassa Centrale supportano le imprese con una consulenza a tutto tondo, che include servizi aggiuntivi come assicurazioni, valutazione del bene e\/o del fornitore, evasione delle pratiche giuridiche e burocratiche, ma anche esaustive informazioni sulle diverse sovvenzioni pubbliche.[\/vc_column_text][\/vc_column][vc_column width=&#8221;1\/2&#8243;][vc_column_text]<strong>A quali sovvenzioni si riferisce in particolare?<\/strong><br \/>\n<span class=\"interview\">Mirco Flaim.<\/span> Innanzitutto, le imprese possono avvalersi dei contributi provinciali previsti sia per il leasing di beni strumentali che per quello immobiliare, poich\u00e9 la Cassa Centrale \u00e8 convenzionata con il fondo di rotazione. Inoltre, da maggio \u00e8 possibile stipulare queste operazioni in combinazione con i vantaggiosi incentivi statali della \u201cSabatini-ter\u201d, anche se non contestualmente al fondo di rotazione.[\/vc_column_text][\/vc_column][\/vc_row][vc_row][vc_column width=&#8221;1\/1&#8243;][vc_column_text]<\/p>\n<hr class=\"black-line\" \/>\n<p>[\/vc_column_text][vc_column_text]<strong>Cosa offre ancora la Cassa Centrale in materia di leasing?<\/strong><br \/>\n<span class=\"interview\">Mirco Flaim.<\/span> La Cassa Centrale \u00e8 in grado di evadere qualunque richiesta, ricorrendo a Raiffeisen Leasing\u00ae per il finanziamento di immobili aziendali, impianti e macchinari di una certa entit\u00e0 o avvalendosi dei servizi delle societ\u00e0 partner Iccrea Bancaimpresa e BCC Lease per le operazioni d\u2019importo minore.[\/vc_column_text][\/vc_column][\/vc_row][vc_row][vc_column width=&#8221;2\/3&#8243;][vc_column_text]<strong>Il leasing \u00e8 indicato anche per i privati?<\/strong><br \/>\n<span class=\"interview\">Mirco Flaim.<\/span> Certamente, poich\u00e9 la legge di stabilit\u00e0 2016 ha introdotto una grossa novit\u00e0: i cittadini d\u2019et\u00e0 inferiore a 35 anni, che intendono finanziare l\u2019abitazione principale attraverso il leasing, possono portare in detrazione fiscale il 19% delle rate, composte da capitale e interessi, fino a 8.000 euro l\u2019anno. Ci\u00f2 \u00e8 decisamente pi\u00f9 vantaggioso rispetto al mutuo, che consente di \u201cscaricare\u201d solo il 19% degli interessi passivi fino a 4.000 euro. Attualmente, per\u00f2, il contratto di leasing non pu\u00f2 essere collegato al contributo a fondo perduto erogato dalla Provincia. Una volta pervenuti i chiarimenti ministeriali sulle questioni ancora aperte, \u00e8 presumibile che i primi contratti possano essere stipulati entro la fine dell\u2019anno. Quest\u2019agevolazione \u00e8 valida fino alla fine del 2020.[\/vc_column_text][\/vc_column][vc_column width=&#8221;1\/3&#8243;]<div id=\"popup_default-consultant\" style=\"display:none;\"> <div class=\"brlbs-cmpnt-container brlbs-cmpnt-content-blocker brlbs-cmpnt-with-individual-styles\" data-borlabs-cookie-content-blocker-id=\"default\" data-borlabs-cookie-content=\"PGlmcmFtZSBmcmFtZWJvcmRlcj0iMCIgaHNwYWNlPSIwIiBzcmM9Imh0dHA6Ly93d3cucmFpZmZlaXNlbi5pdC9pdC9wcmF0by10dWJyZT9raWQ9MTIwL3NlcnZpY2UtcG9ydGFsL2tvbnRha3Rmb3JtdWxhci5odG1sIiBpZD0iVEJfaWZyYW1lQ29udGVudCIgbmFtZT0iVEJfaWZyYW1lQ29udGVudDQ4IiBvbmxvYWQ9InRiX3Nob3dJZnJhbWUoKSIgc3R5bGU9IndpZHRoOjc4OHB4O2hlaWdodDo1NDhweDsiPjwvaWZyYW1lPg==\"><div class=\"brlbs-cmpnt-cb-preset-a\"> <p class=\"brlbs-cmpnt-cb-description\">Stai visualizzando un contenuto segnaposto da <strong>Predefinito<\/strong>. Per accedere al contenuto effettivo, clicca sul pulsante sottostante. Si prega di notare che in questo modo si condividono i dati con provider di terze parti.<\/p> <div class=\"brlbs-cmpnt-cb-buttons\"> <a class=\"brlbs-cmpnt-cb-btn\" href=\"#\" data-borlabs-cookie-unblock role=\"button\">Sblocca il contenuto<\/a> <a class=\"brlbs-cmpnt-cb-btn\" href=\"#\" data-borlabs-cookie-accept-service role=\"button\" style=\"display: none\">Accetta il servizio richiesto e sblocca i contenuti<\/a> <\/div> <a class=\"brlbs-cmpnt-cb-provider-toggle\" href=\"#\" data-borlabs-cookie-show-provider-information role=\"button\">Ulteriori informazioni<\/a> <\/div><\/div><\/div><a href=\"#TB_inline?width=788&height=570&inlineId=popup_default-consultant\" target=\"_blank\" class=\"green-box default-consultant thickbox default-consultant\"><div class=\"green-box-title\">Ihr Ansprechpartner<\/div><div class=\"green-box-text\">Kontakte aller Raiffeisenkassen<\/div><\/a>[\/vc_column][\/vc_row]<\/p>\n","protected":false},"excerpt":{"rendered":"<p>[vc_row][vc_column width=&#8221;1\/1&#8243;][vc_column_text]Sig. Flaim, ritiene che il leasing sia tutt\u2019ora interessante? Mirco Flaim. Questo strumento finanziario prevede che la societ\u00e0 di leasing acquisti il bene e lo ceda in uso al locatario contro il pagamento di rate mensili, con la possibilit\u00e0 di acquistarlo definitivamente al termine del contratto. Un aspetto vantaggioso \u00e8 la riduzione dei tempi [&hellip;]<\/p>\n","protected":false},"author":2,"featured_media":3815,"comment_status":"open","ping_status":"open","sticky":false,"template":"","format":"standard","meta":{"footnotes":""},"categories":[32],"tags":[105],"class_list":["post-3889","post","type-post","status-publish","format-standard","has-post-thumbnail","hentry","category-denaro-co","tag-aziende"],"_links":{"self":[{"href":"https:\/\/magazin.raiffeisen.it\/it\/wp-json\/wp\/v2\/posts\/3889","targetHints":{"allow":["GET"]}}],"collection":[{"href":"https:\/\/magazin.raiffeisen.it\/it\/wp-json\/wp\/v2\/posts"}],"about":[{"href":"https:\/\/magazin.raiffeisen.it\/it\/wp-json\/wp\/v2\/types\/post"}],"author":[{"embeddable":true,"href":"https:\/\/magazin.raiffeisen.it\/it\/wp-json\/wp\/v2\/users\/2"}],"replies":[{"embeddable":true,"href":"https:\/\/magazin.raiffeisen.it\/it\/wp-json\/wp\/v2\/comments?post=3889"}],"version-history":[{"count":2,"href":"https:\/\/magazin.raiffeisen.it\/it\/wp-json\/wp\/v2\/posts\/3889\/revisions"}],"predecessor-version":[{"id":9993,"href":"https:\/\/magazin.raiffeisen.it\/it\/wp-json\/wp\/v2\/posts\/3889\/revisions\/9993"}],"wp:featuredmedia":[{"embeddable":true,"href":"https:\/\/magazin.raiffeisen.it\/it\/wp-json\/wp\/v2\/media\/3815"}],"wp:attachment":[{"href":"https:\/\/magazin.raiffeisen.it\/it\/wp-json\/wp\/v2\/media?parent=3889"}],"wp:term":[{"taxonomy":"category","embeddable":true,"href":"https:\/\/magazin.raiffeisen.it\/it\/wp-json\/wp\/v2\/categories?post=3889"},{"taxonomy":"post_tag","embeddable":true,"href":"https:\/\/magazin.raiffeisen.it\/it\/wp-json\/wp\/v2\/tags?post=3889"}],"curies":[{"name":"wp","href":"https:\/\/api.w.org\/{rel}","templated":true}]}}