{"id":3662,"date":"2016-04-09T00:27:45","date_gmt":"2016-04-09T00:27:45","guid":{"rendered":"http:\/\/magazin.raiffeisen.it\/versicherungsschutz-fuer-unternehmer-2\/"},"modified":"2021-12-10T18:07:59","modified_gmt":"2021-12-10T16:07:59","slug":"una-tutela-per-gli-imprenditori","status":"publish","type":"post","link":"https:\/\/magazin.raiffeisen.it\/it\/una-tutela-per-gli-imprenditori\/","title":{"rendered":"Una tutela per gli imprenditori"},"content":{"rendered":"<p>[vc_row][vc_column width=&#8221;1\/1&#8243;][vc_column_text]<span class=\"initial\">Che si tratti<\/span> di start-up o societ\u00e0 consolidate, tradizionali realt\u00e0 a conduzione familiare o imprese in corso di cessione, non c\u2019\u00e8 fase nella vita di un\u2019azienda che sia immune dalle insidie. L\u2019assicurazione aziendale copre una serie di rischi legati all\u2019esercizio dell\u2019attivit\u00e0 e, in caso di sinistro, offre la liquidit\u00e0 necessaria a garantire l\u2019operativit\u00e0. Le principali componenti sono: assicurazione del fabbricato e degli impianti, interruzione esercizio, responsabilit\u00e0 civile dell\u2019impresa e tutela giudiziaria.[\/vc_column_text][\/vc_column][\/vc_row][vc_row][vc_column width=&#8221;1\/1&#8243;][vc_row_inner][vc_column_inner width=&#8221;1\/1&#8243;][vc_column_text]<\/p>\n<h2 class=\"h2-lines\" style=\"text-align: center;\"><strong>Rami economici<\/strong><\/h2>\n<p style=\"text-align: center;\"><strong>21,8\u2009%<\/strong>\u00a0Industria, <strong>78,2\u2009%<\/strong> Servizi<\/p>\n<p style=\"text-align: center;\"><span class=\"source-small\">FONTE: ASTATINFO 44\/2014<\/span><\/p>\n<p>[\/vc_column_text][\/vc_column_inner][\/vc_row_inner][vc_row_inner][vc_column_inner width=&#8221;1\/4&#8243;][vc_column_text]<\/p>\n<p style=\"text-align: center;\"><span class=\"initial\">13,4\u2009%<\/span><\/p>\n<p style=\"text-align: center;\">edilizia<\/p>\n<p>[\/vc_column_text][\/vc_column_inner][vc_column_inner width=&#8221;1\/4&#8243;][vc_column_text]<\/p>\n<p style=\"text-align: center;\"><span class=\"initial\">13,3\u2009%<\/span><\/p>\n<p style=\"text-align: center;\">attivit\u00e0 professionali,<br \/>\nscientifiche e tecniche<\/p>\n<p>[\/vc_column_text][\/vc_column_inner][vc_column_inner width=&#8221;1\/4&#8243;][vc_column_text]<\/p>\n<p style=\"text-align: center;\"><span class=\"initial\">19,7\u2009%<\/span><br \/>\nservizi di alloggio<br \/>\ne ristorazione<\/p>\n<p>[\/vc_column_text][\/vc_column_inner][vc_column_inner width=&#8221;1\/4&#8243;][vc_column_text]<\/p>\n<p style=\"text-align: center;\"><span class=\"initial\">20,2\u2009%<\/span><br \/>\ncommercio, riparazioni di autoveicoli e motocicli<\/p>\n<p>[\/vc_column_text][\/vc_column_inner][\/vc_row_inner][vc_row_inner][vc_column_inner width=&#8221;1\/1&#8243;][vc_column_text]<\/p>\n<hr class=\"green-line\" \/>\n<p>[\/vc_column_text][\/vc_column_inner][\/vc_row_inner][\/vc_column][\/vc_row][vc_row][vc_column width=&#8221;1\/1&#8243;][vc_row_inner][vc_column_inner width=&#8221;1\/2&#8243;][vc_column_text]<\/p>\n<h2 class=\"h2-bold\">Decisiva la stima del rischio<\/h2>\n<p>Prima di stipulare il contratto d\u2019assicurazione, \u00e8 bene che l\u2019imprenditore, ma soprattutto il fondatore d\u2019impresa, proceda con la rilevazione dei rischi. Poich\u00e9 ogni ramo d\u2019attivit\u00e0 comporta insidie diverse, \u00e8 necessario innanzitutto determinare la situazione di partenza. \u201cIl criterio per procedere in questa fase \u00e8 la valutazione dell\u2019attivit\u00e0 esercitata e dei potenziali pericoli connessi\u201d, ci spiega Robert Asanger, responsabile del ramo danni presso Raiffeisen Servizi Assicurativi. Nel caso di un grafico che esercita la sua attivit\u00e0 in uno studio, ad esempio, i rischi sono facilmente determinabili: la copertura assicurativa potr\u00e0 interessare i locali e i dispositivi elettronici presenti, come PC, tablet e smartphone. Se l\u2019analisi \u00e8 condotta, invece, su un\u2019impresa manifatturiera come una falegnameria, la rilevazione sar\u00e0 pi\u00f9 ampia e, oltre alla responsabilit\u00e0 civile verso terzi, dovr\u00e0 coprire anche il rischio d\u2019infortuni sul lavoro e di malattie professionali.[\/vc_column_text][\/vc_column_inner][vc_column_inner width=&#8221;1\/2&#8243;][vc_column_text]<\/p>\n<h2 class=\"h2-bold\">Consulenza individuale in loco<\/h2>\n<p>I consulenti aziendali delle Casse Raiffeisen conoscono bene le esigenze delle imprese locali e procedono alla rilevazione dei rischi, relativamente all\u2019attivit\u00e0 esercitata, insieme al titolare. Dei circa 15.000 addetti delle piccole e medie imprese, quasi il 40% \u00e8 un imprenditore o un familiare collaboratore: proprio per questi soggetti, oltre all\u2019assicurazione aziendale, \u00e8 bene prevedere anche una forma di tutela privata.<br \/>\nTra i rischi pi\u00f9 gravi da coprire rientrano l\u2019invalidit\u00e0, la protezione dei superstiti, la salvaguardia della salute e del patrimonio.<\/p>\n<p>&nbsp;<\/p>\n<p>&nbsp;<\/p>\n<p><strong>Per ulteriori informazioni e una consulenza individuale, \u00e8 possibile rivolgersi alla propria Cassa Raiffeisen.<\/strong>[\/vc_column_text][\/vc_column_inner][\/vc_row_inner]<div class=\"ult-spacer\" style=\"height:35px;clear:both;display:block;\"><\/div>[\/vc_column][\/vc_row][vc_row gmbt_prlx_bg_type=&#8221;parallax&#8221; gmbt_prlx_break_parents=&#8221;0&#8243; gmbt_prlx_opacity=&#8221;100&#8243; gmbt_prlx_video_aspect_ratio=&#8221;16:9&#8243; gmbt_prlx_parallax=&#8221;none&#8221; gmbt_prlx_speed=&#8221;0.3&#8243; bg_type=&#8221;grad&#8221; bg_grad=&#8221;background: -webkit-gradient(linear, left top, left bottom, color-stop(0%, #C9CC00), color-stop(100%, #C9CC00));background: -moz-linear-gradient(top,#C9CC00 0%,#C9CC00 100%);background: -webkit-linear-gradient(top,#C9CC00 0%,#C9CC00 100%);background: -o-linear-gradient(top,#C9CC00 0%,#C9CC00 100%);background: -ms-linear-gradient(top,#C9CC00 0%,#C9CC00 100%);background: linear-gradient(top,#C9CC00 0%,#C9CC00 100%);&#8221; parallax_style=&#8221;vcpb-default&#8221; bg_image_repeat=&#8221;no-repeat&#8221; bg_image_size=&#8221;cover&#8221; bg_img_attach=&#8221;fixed&#8221; parallax_sense=&#8221;30&#8243; bg_override=&#8221;full&#8221;][vc_column width=&#8221;1\/1&#8243;][vc_row_inner][vc_column_inner width=&#8221;1\/1&#8243;]<div class=\"ult-spacer\" style=\"height:50px;clear:both;display:block;\"><\/div>[vc_column_text]<\/p>\n<h2 class=\"h2-bold\" style=\"text-align: center;\">Ben protetti \u2013 Una societ\u00e0 in cambiamento<\/h2>\n<p>[\/vc_column_text][\/vc_column_inner][\/vc_row_inner][vc_row_inner][vc_column_inner width=&#8221;1\/1&#8243;][vc_column_text]<\/p>\n<p style=\"text-align: center;\"><strong>Piccole e medie imprese<\/strong> (dati aggiornati al 2011)<strong><br \/>\n144.670<\/strong> Addetti<br \/>\n<strong>42.984<\/strong> Piccole e medie imprese<\/p>\n<p>&nbsp;<\/p>\n<p style=\"text-align: center;\"><strong>Addetti<br \/>\n39,1\u2009%<\/strong> Imprenditori e collaboratori familiari<br \/>\n<strong>60,6\u2009%<\/strong> Lavoratori dipendenti<\/p>\n<p>&nbsp;<\/p>\n<p style=\"text-align: center;\"><span class=\"source-small\">Fonte: astatinfo 44\/2014<\/span><\/p>\n<p>[\/vc_column_text]<div class=\"ult-spacer\" style=\"height:10px;clear:both;display:block;\"><\/div>[\/vc_column_inner][\/vc_row_inner][\/vc_column][\/vc_row][vc_row][vc_column width=&#8221;1\/1&#8243;]<div class=\"ult-spacer\" style=\"height:50px;clear:both;display:block;\"><\/div>[vc_row_inner][vc_column_inner width=&#8221;2\/3&#8243;][vc_column_text]<\/p>\n<h2 class=\"h2-lines\">Assicurazione contro la grandine 2016<\/h2>\n<p>Da marzo, gli agricoltori hanno la possibilit\u00e0 di assicurare frutteti e vigneti dal rischio di grandine, proteggendo il raccolto. Raiffeisen, che si avvale della collaborazione di Vereinigte Hagelversicherung, la maggior compagnia europea specializzata in questo settore, negli ultimi quattro anni ha liquidato ai contadini altoatesini oltre 16 milioni di euro attraverso l\u2019assicurazione contro la grandine.<\/p>\n<p>&nbsp;<\/p>\n<hr class=\"green-line\" \/>\n<p>[\/vc_column_text][\/vc_column_inner][vc_column_inner width=&#8221;1\/3&#8243;]<div id=\"popup_default-consultant\" style=\"display:none;\"> <div class=\"brlbs-cmpnt-container brlbs-cmpnt-content-blocker brlbs-cmpnt-with-individual-styles\" data-borlabs-cookie-content-blocker-id=\"default\" data-borlabs-cookie-content=\"PGlmcmFtZSBmcmFtZWJvcmRlcj0iMCIgaHNwYWNlPSIwIiBzcmM9Imh0dHA6Ly93d3cucmFpZmZlaXNlbi5pdC9pdC9wcmF0by10dWJyZT9raWQ9MTIwL3NlcnZpY2UtcG9ydGFsL2tvbnRha3Rmb3JtdWxhci5odG1sIiBpZD0iVEJfaWZyYW1lQ29udGVudCIgbmFtZT0iVEJfaWZyYW1lQ29udGVudDQ4IiBvbmxvYWQ9InRiX3Nob3dJZnJhbWUoKSIgc3R5bGU9IndpZHRoOjc4OHB4O2hlaWdodDo1NDhweDsiPjwvaWZyYW1lPg==\"><div class=\"brlbs-cmpnt-cb-preset-a\"> <p class=\"brlbs-cmpnt-cb-description\">Stai visualizzando un contenuto segnaposto da <strong>Predefinito<\/strong>. Per accedere al contenuto effettivo, clicca sul pulsante sottostante. Si prega di notare che in questo modo si condividono i dati con provider di terze parti.<\/p> <div class=\"brlbs-cmpnt-cb-buttons\"> <a class=\"brlbs-cmpnt-cb-btn\" href=\"#\" data-borlabs-cookie-unblock role=\"button\">Sblocca il contenuto<\/a> <a class=\"brlbs-cmpnt-cb-btn\" href=\"#\" data-borlabs-cookie-accept-service role=\"button\" style=\"display: none\">Accetta il servizio richiesto e sblocca i contenuti<\/a> <\/div> <a class=\"brlbs-cmpnt-cb-provider-toggle\" href=\"#\" data-borlabs-cookie-show-provider-information role=\"button\">Ulteriori informazioni<\/a> <\/div><\/div><\/div><a href=\"#TB_inline?width=788&height=570&inlineId=popup_default-consultant\" target=\"_blank\" class=\"green-box default-consultant thickbox default-consultant\"><div class=\"green-box-title\">Ihr Ansprechpartner<\/div><div class=\"green-box-text\">Kontakte aller Raiffeisenkassen<\/div><\/a>[\/vc_column_inner][\/vc_row_inner][\/vc_column][\/vc_row]<\/p>\n","protected":false},"excerpt":{"rendered":"<p>[vc_row][vc_column width=&#8221;1\/1&#8243;][vc_column_text]Che si tratti di start-up o societ\u00e0 consolidate, tradizionali realt\u00e0 a conduzione familiare o imprese in corso di cessione, non c\u2019\u00e8 fase nella vita di un\u2019azienda che sia immune dalle insidie. L\u2019assicurazione aziendale copre una serie di rischi legati all\u2019esercizio dell\u2019attivit\u00e0 e, in caso di sinistro, offre la liquidit\u00e0 necessaria a garantire l\u2019operativit\u00e0. Le [&hellip;]<\/p>\n","protected":false},"author":2,"featured_media":3651,"comment_status":"open","ping_status":"open","sticky":false,"template":"","format":"standard","meta":{"footnotes":""},"categories":[32],"tags":[52,105],"class_list":["post-3662","post","type-post","status-publish","format-standard","has-post-thumbnail","hentry","category-denaro-co","tag-assicurazione","tag-aziende"],"_links":{"self":[{"href":"https:\/\/magazin.raiffeisen.it\/it\/wp-json\/wp\/v2\/posts\/3662","targetHints":{"allow":["GET"]}}],"collection":[{"href":"https:\/\/magazin.raiffeisen.it\/it\/wp-json\/wp\/v2\/posts"}],"about":[{"href":"https:\/\/magazin.raiffeisen.it\/it\/wp-json\/wp\/v2\/types\/post"}],"author":[{"embeddable":true,"href":"https:\/\/magazin.raiffeisen.it\/it\/wp-json\/wp\/v2\/users\/2"}],"replies":[{"embeddable":true,"href":"https:\/\/magazin.raiffeisen.it\/it\/wp-json\/wp\/v2\/comments?post=3662"}],"version-history":[{"count":4,"href":"https:\/\/magazin.raiffeisen.it\/it\/wp-json\/wp\/v2\/posts\/3662\/revisions"}],"predecessor-version":[{"id":9998,"href":"https:\/\/magazin.raiffeisen.it\/it\/wp-json\/wp\/v2\/posts\/3662\/revisions\/9998"}],"wp:featuredmedia":[{"embeddable":true,"href":"https:\/\/magazin.raiffeisen.it\/it\/wp-json\/wp\/v2\/media\/3651"}],"wp:attachment":[{"href":"https:\/\/magazin.raiffeisen.it\/it\/wp-json\/wp\/v2\/media?parent=3662"}],"wp:term":[{"taxonomy":"category","embeddable":true,"href":"https:\/\/magazin.raiffeisen.it\/it\/wp-json\/wp\/v2\/categories?post=3662"},{"taxonomy":"post_tag","embeddable":true,"href":"https:\/\/magazin.raiffeisen.it\/it\/wp-json\/wp\/v2\/tags?post=3662"}],"curies":[{"name":"wp","href":"https:\/\/api.w.org\/{rel}","templated":true}]}}