{"id":3523,"date":"2016-02-03T00:26:17","date_gmt":"2016-02-03T00:26:17","guid":{"rendered":"http:\/\/magazin.raiffeisen.it\/man-muss-sich-im-leben-selbst-motivieren-2\/"},"modified":"2021-12-10T18:11:27","modified_gmt":"2021-12-10T16:11:27","slug":"nella-vita-e-importante-trovare-la-propria-motivazione","status":"publish","type":"post","link":"https:\/\/magazin.raiffeisen.it\/it\/nella-vita-e-importante-trovare-la-propria-motivazione\/","title":{"rendered":"\u201cNella vita \u00e8 importante trovare la propria motivazione\u201d"},"content":{"rendered":"<p>[vc_row][vc_column width=&#8221;1\/1&#8243;][vc_column_text]<strong>Da sportivo estremo, Lei ha girato tutto il mondo, camminando, correndo e pedalando, dopo aver calcato i palchi di tutt\u2019Europa come musicista insieme ai genitori e ai suoi undici fratelli. Sinceramente, quale delle due attivit\u00e0 Le ha dato pi\u00f9 soddisfazioni?<\/strong><br \/>\n<span class=\"interview\">Joey Kelly.<\/span> Entrambe (ride). Se una volta la mia passione era la musica, oggi lo sono gli sport di resistenza. Gli esordi della nostra avventura musicale sono stati difficili: per 18 anni nessuno ci ha notato e abbiamo dovuto lottare per la sopravvivenza. Poi, improvvisamente, nel 1994 \u00e8 arrivato il successo e abbiamo venduto 20 milioni di LP, oltre a conquistare 48 dischi d\u2019oro e di platino. Col senno di poi, sono contento di aver vissuto e superato quell\u2019esperienza, ma anche di poterne parlare in piena salute, essendone uscito indenne. Ho scoperto lo sport di resistenza in maniera del tutto casuale e oggi \u00e8 diventato il mio passatempo preferito, fonte di svago, salute e rigenerazione.<\/p>\n<p>&nbsp;<\/p>\n<hr class=\"black-line\" \/>\n<p>[\/vc_column_text][vc_column_text]<strong>In altre parole, basta con la musica, ma in compenso tanto sport. Quante ore si allena ogni giorno?<\/strong><br \/>\n<span class=\"interview\">Joey Kelly.<\/span> Quotidianamente mi alleno dalle due alle tre ore, anche se la mia professione resta quella dell\u2019imprenditore, non dello sportivo. Dirigo una piccola azienda con sei collaboratori che gestiscono le mie conferenze e attivit\u00e0. Lo sport \u00e8 un hobby che seguo con assiduit\u00e0 e che mi consente di divertirmi e recuperare forze.[\/vc_column_text][\/vc_column][\/vc_row][vc_row][vc_column width=&#8221;1\/2&#8243;][vc_column_text]<strong>Lei gira il mondo tenendo conferenze sulla motivazione. Non crede che il training motivazionale sia inflazionato? Cos\u2019\u00e8 per Lei la motivazione?<\/strong><br \/>\n<span class=\"interview\">Joey Kelly.<\/span> L\u2019aspetto principale \u00e8 riuscire a motivare se stessi ponendosi degli obiettivi. Per questo, ribadisco di non essere un formatore: ciascuno, nell\u2019ambito della propria vita, deve trovare la propria motivazione. Non serve a nulla partecipare a un corso, impegnarsi al massimo per tre settimane e poi mollare tutto: \u00e8 essenziale invece avere sempre un obiettivo davanti a s\u00e9. Se le mie conferenze possono ispirare e infondere il coraggio di percorrere la propria strada con maggior convinzione, ho gi\u00e0 fatto molto.[\/vc_column_text][vc_column_text]<strong>Come si fa a perseguire al meglio i propri obiettivi?<\/strong><br \/>\n<span class=\"interview\">Joey Kelly.<\/span> Bisogna lottare sempre e non gettare mai la spugna. \u00c8 tutta questione d\u2019impostazione mentale: la disciplina \u00e8 fondamentale per il successo. Sembra semplice, ma non sempre lo \u00e8, poich\u00e9 ciascuno cela in s\u00e9 delle debolezze, io per primo. \u00c8 necessaria resistenza e lungimiranza.[\/vc_column_text][\/vc_column][vc_column width=&#8221;1\/2&#8243;][vc_column_text]<strong>Pu\u00f2 capitare di porsi obiettivi troppo ambiziosi?<\/strong><br \/>\n<span class=\"interview\">Joey Kelly.<\/span> Naturalmente. Negli sport estremi si registra un elevato numero di atleti che non sopravvive: credo sia un grave errore esporsi a un obiettivo che mette a repentaglio la propria vita. La mia attivit\u00e0 \u00e8 pericolosa, ma il suo fattore di rischio \u00e8 sotto controllo. Certo, talvolta pu\u00f2 capitare anche a me di esagerare.[\/vc_column_text][vc_column_text]<strong>Ci\u00f2 significa che riesce anche a fare marcia indietro, interrompendo un progetto gi\u00e0 in corso?<\/strong><br \/>\n<span class=\"interview\">Joey Kelly.<\/span> Fino ad oggi ho sempre portato a termine ogni gara a cui ho partecipato. Le avventure che intraprendo non sono escursioni in montagna, in cui il fattore meteorologico pu\u00f2 rappresentare una minaccia. Certo, in un paio di occasioni ci sono andato vicino: quando ci si fa male o ci si smarrisce, si rischia anche di morire se i soccorsi sono tardivi. Tuttavia, con quasi venti anni d\u2019esperienza alle spalle, s\u2019impara anche a contenere i pericoli attraverso una scelta oculata delle competizioni e un\u2019adeguata preparazione atletica. Ovviamente, la sicurezza al 100% o il rischio zero non esiste.[\/vc_column_text][\/vc_column][\/vc_row][vc_row][vc_column width=&#8221;1\/1&#8243;]<div class=\"ult-spacer\" style=\"height:35px;clear:both;display:block;\"><\/div>[\/vc_column][\/vc_row][vc_row el_class=&#8221;hidden-phone&#8221; gmbt_prlx_bg_type=&#8221;parallax&#8221; gmbt_prlx_break_parents=&#8221;0&#8243; gmbt_prlx_opacity=&#8221;100&#8243; gmbt_prlx_video_aspect_ratio=&#8221;16:9&#8243; gmbt_prlx_parallax=&#8221;none&#8221; gmbt_prlx_speed=&#8221;0.3&#8243; bg_type=&#8221;image&#8221; bg_grad=&#8221;background: -webkit-gradient(linear, left top, left bottom, color-stop(0%, #FBFBFB), color-stop(50%, #E3E3E3), color-stop(100%, #C2C2C2));background: -moz-linear-gradient(top,#FBFBFB 0%,#E3E3E3 50%,#C2C2C2 100%);background: -webkit-linear-gradient(top,#FBFBFB 0%,#E3E3E3 50%,#C2C2C2 100%);background: -o-linear-gradient(top,#FBFBFB 0%,#E3E3E3 50%,#C2C2C2 100%);background: -ms-linear-gradient(top,#FBFBFB 0%,#E3E3E3 50%,#C2C2C2 100%);background: linear-gradient(top,#FBFBFB 0%,#E3E3E3 50%,#C2C2C2 100%);&#8221; parallax_style=&#8221;vcpb-default&#8221; bg_image_new=&#8221;3448&#8243; bg_image_repeat=&#8221;no-repeat&#8221; bg_image_size=&#8221;cover&#8221; bg_img_attach=&#8221;fixed&#8221; parallax_sense=&#8221;30&#8243; bg_override=&#8221;ex-full&#8221; gmbt_background_position=&#8221;top&#8221;][vc_column width=&#8221;1\/1&#8243;]<div class=\"ult-spacer\" style=\"height:350px;clear:both;display:block;\"><\/div>[vc_column_text]<\/p>\n<div class=\"image-subtext-white\" style=\"text-align: center;\"><span style=\"color: #ffffff;\">Al <a style=\"color: #ffffff;\" href=\"http:\/\/www.ims.bz\/it.html\" target=\"_blank\" rel=\"noopener\">KIKU International Mountain Summit<\/a> di Bressanone, Joey Kelly ha risposto alle domande dei giornalisti.<br \/>\n<\/span><\/div>\n<p style=\"text-align: center;\"><span style=\"color: #ffffff;\">Joey Kelly: \u201cLa forma fisica e l\u2019energia che donano questi sport temprano anche la resistenza mentale\u201d<\/span><\/p>\n<p>[\/vc_column_text]<div class=\"ult-spacer\" style=\"height:10px;clear:both;display:block;\"><\/div>[\/vc_column][\/vc_row][vc_row el_class=&#8221;visible-phone&#8221; gmbt_prlx_bg_type=&#8221;parallax&#8221; gmbt_prlx_break_parents=&#8221;0&#8243; gmbt_prlx_opacity=&#8221;100&#8243; gmbt_prlx_video_aspect_ratio=&#8221;16:9&#8243; gmbt_prlx_parallax=&#8221;none&#8221; gmbt_prlx_speed=&#8221;0.3&#8243; bg_type=&#8221;theme_default&#8221; bg_grad=&#8221;background: -webkit-gradient(linear, left top, left bottom, color-stop(0%, #FBFBFB), color-stop(50%, #E3E3E3), color-stop(100%, #C2C2C2));background: -moz-linear-gradient(top,#FBFBFB 0%,#E3E3E3 50%,#C2C2C2 100%);background: -webkit-linear-gradient(top,#FBFBFB 0%,#E3E3E3 50%,#C2C2C2 100%);background: -o-linear-gradient(top,#FBFBFB 0%,#E3E3E3 50%,#C2C2C2 100%);background: -ms-linear-gradient(top,#FBFBFB 0%,#E3E3E3 50%,#C2C2C2 100%);background: linear-gradient(top,#FBFBFB 0%,#E3E3E3 50%,#C2C2C2 100%);&#8221; parallax_style=&#8221;vcpb-default&#8221; bg_image_repeat=&#8221;no-repeat&#8221; bg_image_size=&#8221;cover&#8221; bg_img_attach=&#8221;fixed&#8221; parallax_sense=&#8221;30&#8243; bg_override=&#8221;browser_size&#8221;][vc_column width=&#8221;1\/1&#8243;][vc_single_image image=&#8221;3448&#8243; border_color=&#8221;grey&#8221; img_link_target=&#8221;_self&#8221; img_size=&#8221;full&#8221; alignment=&#8221;center&#8221;][\/vc_column][\/vc_row][vc_row][vc_column width=&#8221;1\/1&#8243;]<div class=\"ult-spacer\" style=\"height:35px;clear:both;display:block;\"><\/div>[\/vc_column][\/vc_row][vc_row][vc_column width=&#8221;1\/2&#8243;][vc_column_text]<strong>Quali sono i Suoi prossimi obiettivi? Esistono imprese che non ha ancora affrontato?<\/strong><br \/>\n<span class=\"interview\">Joey Kelly.<\/span> Certo! Sono stato al polo sud con Markus Lanz e quest\u2019anno mi piacerebbe cimentarmi con il polo nord. Inoltre vorrei partecipare per la quarta volta alla famosa gara ciclistica <a href=\"http:\/\/www.raceacrossamerica.org\/raam\/raam2.php?N_webcat_id=1\" target=\"_blank\" rel=\"noopener\">\u201cRace Across America\u201d<\/a>, che si snoda su un tracciato di 4.800 km, dalla costa occidentale a quella orientale degli USA. Ma ho in programma anche l\u2019attraversamento di alcuni Paesi: quest\u2019anno correr\u00f2 da Monaco a Venezia, passando per l\u2019Alto Adige. Per raggiungere questi obiettivi, mi tengo allenato tutto l\u2019anno partecipando a \u201cgare di riscaldamento\u201d. L\u2019importante \u00e8 non fermarsi mai! (ride)[\/vc_column_text][vc_column_text]<strong>Quindi anche l\u2019Alto Adige \u00e8 sulla mappa dei Suoi obiettivi. Conosce la nostra regione?<\/strong><br \/>\n<span class=\"interview\">Joey Kelly.<\/span> La conosco molto bene: ci sono stato decine di volte in vacanza. Mi piace un sacco quest\u2019area, che considero l\u2019angolo pi\u00f9 bello d\u2019Europa. Il tempo \u00e8 buono, il cibo \u00e8 eccezionale e la gente \u00e8 sempre di buon umore. Soprattutto d\u2019estate \u00e8 un vero incanto, perfetto per me e la mia famiglia.[\/vc_column_text][\/vc_column][vc_column width=&#8221;1\/2&#8243;][vc_column_text]<\/p>\n<h2 class=\"h2-lines\"><strong>Cenni biografici<\/strong><\/h2>\n<p>Classe 1972, Joey Kelly si \u00e8 avvicinato agli sport di resistenza a met\u00e0 degli anni Novanta in seguito a una scommessa con la sorella. Il suo bilancio \u00e8 impressionante: ad oggi ha partecipato a 45 maratone, 30 ultramaratone, dieci corse nel deserto, tre edizioni della \u201cRace Across America\u201d, nonch\u00e9 a numerosi triathlon e Ironman, di cui detiene il record mondiale, avendo partecipato a otto edizioni in un solo anno.<\/p>\n<p>&nbsp;<\/p>\n<p>Nel 2010, ha portato a termine un\u2019impresa unica: in 17 giorni, ha attraversato la Germania di corsa, da Wilhelmshaven fino alla Zugspitze a 2962 metri. Nell\u2019inverno 2010\/11 ha affrontato insieme a Markus Lanz la \u201cCorsa verso il polo sud\u201d, una marcia forzata di 400 km attraverso il deserto di ghiaccio dell\u2019Antartide. Joey Kelly vive insieme alla moglie e ai tre figli nei pressi di Bonn.<\/p>\n<p>&nbsp;<\/p>\n<p>&nbsp;<\/p>\n<hr class=\"green-line\" \/>\n<p>[\/vc_column_text][\/vc_column][\/vc_row]<\/p>\n","protected":false},"excerpt":{"rendered":"<p>[vc_row][vc_column width=&#8221;1\/1&#8243;][vc_column_text]Da sportivo estremo, Lei ha girato tutto il mondo, camminando, correndo e pedalando, dopo aver calcato i palchi di tutt\u2019Europa come musicista insieme ai genitori e ai suoi undici fratelli. Sinceramente, quale delle due attivit\u00e0 Le ha dato pi\u00f9 soddisfazioni? Joey Kelly. Entrambe (ride). Se una volta la mia passione era la musica, oggi [&hellip;]<\/p>\n","protected":false},"author":2,"featured_media":3443,"comment_status":"open","ping_status":"open","sticky":false,"template":"","format":"standard","meta":{"footnotes":""},"categories":[38],"tags":[62,64,66],"class_list":["post-3523","post","type-post","status-publish","format-standard","has-post-thumbnail","hentry","category-a-colloquio","tag-interview","tag-interview-it","tag-persone"],"_links":{"self":[{"href":"https:\/\/magazin.raiffeisen.it\/it\/wp-json\/wp\/v2\/posts\/3523","targetHints":{"allow":["GET"]}}],"collection":[{"href":"https:\/\/magazin.raiffeisen.it\/it\/wp-json\/wp\/v2\/posts"}],"about":[{"href":"https:\/\/magazin.raiffeisen.it\/it\/wp-json\/wp\/v2\/types\/post"}],"author":[{"embeddable":true,"href":"https:\/\/magazin.raiffeisen.it\/it\/wp-json\/wp\/v2\/users\/2"}],"replies":[{"embeddable":true,"href":"https:\/\/magazin.raiffeisen.it\/it\/wp-json\/wp\/v2\/comments?post=3523"}],"version-history":[{"count":5,"href":"https:\/\/magazin.raiffeisen.it\/it\/wp-json\/wp\/v2\/posts\/3523\/revisions"}],"predecessor-version":[{"id":10008,"href":"https:\/\/magazin.raiffeisen.it\/it\/wp-json\/wp\/v2\/posts\/3523\/revisions\/10008"}],"wp:featuredmedia":[{"embeddable":true,"href":"https:\/\/magazin.raiffeisen.it\/it\/wp-json\/wp\/v2\/media\/3443"}],"wp:attachment":[{"href":"https:\/\/magazin.raiffeisen.it\/it\/wp-json\/wp\/v2\/media?parent=3523"}],"wp:term":[{"taxonomy":"category","embeddable":true,"href":"https:\/\/magazin.raiffeisen.it\/it\/wp-json\/wp\/v2\/categories?post=3523"},{"taxonomy":"post_tag","embeddable":true,"href":"https:\/\/magazin.raiffeisen.it\/it\/wp-json\/wp\/v2\/tags?post=3523"}],"curies":[{"name":"wp","href":"https:\/\/api.w.org\/{rel}","templated":true}]}}