{"id":13081,"date":"2024-10-24T00:22:29","date_gmt":"2024-10-23T22:22:29","guid":{"rendered":"https:\/\/magazin.raiffeisen.it\/?p=13081"},"modified":"2024-10-21T09:39:03","modified_gmt":"2024-10-21T07:39:03","slug":"un-piccolo-gesto-a-fin-di-bene","status":"publish","type":"post","link":"https:\/\/magazin.raiffeisen.it\/it\/un-piccolo-gesto-a-fin-di-bene\/","title":{"rendered":"Un piccolo gesto a fin di bene"},"content":{"rendered":"<p>[vc_row][vc_column][vc_column_text]Malattie, infortuni, decessi improvvisi e calamit\u00e0 possono essere fonte di gravi difficolt\u00e0 emotive e finanziarie. Da oltre 30 anni, il Fondo di solidariet\u00e0 rurale offre un sostegno discreto ma prezioso alle persone colpite. Anche quest\u2019anno, artisti e pittori dilettanti altoatesini hanno messo a disposizione gratuitamente una colorata selezione di motivi per <strong>la campagna annuale di biglietti augurali<\/strong> che, su richiesta, possono essere personalizzati con un messaggio o un logo aziendale. Con l\u2019acquisto di uno di questi biglietti d\u2019auguri o natalizi si contribuisce a dare nuova speranza e gioia alle persone che, loro malgrado, vivono una situazione di grave emergenza.<\/p>\n<div id=\"gtx-trans\" style=\"position: absolute; left: 121px; top: 127.5px;\">\n<div class=\"gtx-trans-icon\"><\/div>\n<\/div>\n<p>[\/vc_column_text][\/vc_column][\/vc_row]<\/p>\n","protected":false},"excerpt":{"rendered":"<p>[vc_row][vc_column][vc_column_text]Malattie, infortuni, decessi improvvisi e calamit\u00e0 possono essere fonte di gravi difficolt\u00e0 emotive e finanziarie. Da oltre 30 anni, il Fondo di solidariet\u00e0 rurale offre un sostegno discreto ma prezioso alle persone colpite. Anche quest\u2019anno, artisti e pittori dilettanti altoatesini hanno messo a disposizione gratuitamente una colorata selezione di motivi per la campagna annuale di [&hellip;]<\/p>\n","protected":false},"author":2,"featured_media":12940,"comment_status":"open","ping_status":"open","sticky":false,"template":"","format":"standard","meta":{"footnotes":""},"categories":[101],"tags":[66],"class_list":["post-13081","post","type-post","status-publish","format-standard","has-post-thumbnail","hentry","category-gente-e-paesi","tag-persone"],"_links":{"self":[{"href":"https:\/\/magazin.raiffeisen.it\/it\/wp-json\/wp\/v2\/posts\/13081","targetHints":{"allow":["GET"]}}],"collection":[{"href":"https:\/\/magazin.raiffeisen.it\/it\/wp-json\/wp\/v2\/posts"}],"about":[{"href":"https:\/\/magazin.raiffeisen.it\/it\/wp-json\/wp\/v2\/types\/post"}],"author":[{"embeddable":true,"href":"https:\/\/magazin.raiffeisen.it\/it\/wp-json\/wp\/v2\/users\/2"}],"replies":[{"embeddable":true,"href":"https:\/\/magazin.raiffeisen.it\/it\/wp-json\/wp\/v2\/comments?post=13081"}],"version-history":[{"count":3,"href":"https:\/\/magazin.raiffeisen.it\/it\/wp-json\/wp\/v2\/posts\/13081\/revisions"}],"predecessor-version":[{"id":13084,"href":"https:\/\/magazin.raiffeisen.it\/it\/wp-json\/wp\/v2\/posts\/13081\/revisions\/13084"}],"wp:featuredmedia":[{"embeddable":true,"href":"https:\/\/magazin.raiffeisen.it\/it\/wp-json\/wp\/v2\/media\/12940"}],"wp:attachment":[{"href":"https:\/\/magazin.raiffeisen.it\/it\/wp-json\/wp\/v2\/media?parent=13081"}],"wp:term":[{"taxonomy":"category","embeddable":true,"href":"https:\/\/magazin.raiffeisen.it\/it\/wp-json\/wp\/v2\/categories?post=13081"},{"taxonomy":"post_tag","embeddable":true,"href":"https:\/\/magazin.raiffeisen.it\/it\/wp-json\/wp\/v2\/tags?post=13081"}],"curies":[{"name":"wp","href":"https:\/\/api.w.org\/{rel}","templated":true}]}}