{"id":13024,"date":"2024-10-24T00:26:42","date_gmt":"2024-10-23T22:26:42","guid":{"rendered":"https:\/\/magazin.raiffeisen.it\/?p=13024"},"modified":"2024-10-16T06:50:25","modified_gmt":"2024-10-16T04:50:25","slug":"donne-alla-guida-delle-cooperative-4","status":"publish","type":"post","link":"https:\/\/magazin.raiffeisen.it\/it\/donne-alla-guida-delle-cooperative-4\/","title":{"rendered":"Donne alla guida delle cooperative"},"content":{"rendered":"<p>[vc_row][vc_column width=&#8221;1\/3&#8243;][vc_column_text]<\/p>\n<h3>Perch\u00e9 le donne dovrebbero essere pi\u00f9 presenti negli organi direttivi delle Casse Raiffeisen?<\/h3>\n<p>\u00c8 importante che occupino sempre pi\u00f9 posizioni di \u201ccomando\u201d, poich\u00e9 la loro visione, capacit\u00e0 di comunicazione e flessibilit\u00e0 pu\u00f2 dare un contributo positivo.[\/vc_column_text][\/vc_column][vc_column width=&#8221;1\/3&#8243;][vc_column_text]<\/p>\n<h3>Che cosa L\u2019ha spinta a entrare nel Consiglio della Cassa Raiffeisen di Brunico?<\/h3>\n<p>Ho deciso di fare la consigliera, innanzitutto, perch\u00e9 sono molto interessata alla cooperazione. In particolare, in quest\u2019organo posso impegnarmi attivamente per affrontare le sfide sociali che attraversano la nostra epoca.<\/p>\n<div id=\"gtx-trans\" style=\"position: absolute; left: 475px; top: -16.5px;\">\n<div class=\"gtx-trans-icon\"><\/div>\n<\/div>\n<p>[\/vc_column_text][\/vc_column][vc_column width=&#8221;1\/3&#8243;][vc_column_text]<\/p>\n<h3>Quanto \u00e8 difficile conciliare famiglia e lavoro?<\/h3>\n<p>Per una donna \u00e8 ancora molto impegnativo, in quanto deve coniugare il proprio ruolo professionale con la gestione della famiglia. Tuttavia, grazie a una buona suddivisione del tempo, a un approccio \u201cfamily friendly\u201d da parte del datore di lavoro e, soprattutto, al supporto di partner e familiari, \u00e8 possibile conciliare con successo entrambi gli ambiti.[\/vc_column_text][\/vc_column][\/vc_row][vc_row][vc_column][vc_column_text]<\/p>\n<p style=\"text-align: center;\"><strong>Informazioni:<\/strong><\/p>\n<p style=\"text-align: center;\"><strong><a href=\"https:\/\/www.raiffeisenverband.it\/it\/chi-siamo\/altri-organi\/gruppo-di-lavoro-sulle-donne-alla-guida-delle-cooperative\" target=\"_blank\" rel=\"noopener\">www.raiffeisenverband.it\/donne-alla-guida-delle-cooperative<\/a><\/strong><\/p>\n<p>[\/vc_column_text][\/vc_column][\/vc_row]<\/p>\n","protected":false},"excerpt":{"rendered":"<p>[vc_row][vc_column width=&#8221;1\/3&#8243;][vc_column_text] Perch\u00e9 le donne dovrebbero essere pi\u00f9 presenti negli organi direttivi delle Casse Raiffeisen? \u00c8 importante che occupino sempre pi\u00f9 posizioni di \u201ccomando\u201d, poich\u00e9 la loro visione, capacit\u00e0 di comunicazione e flessibilit\u00e0 pu\u00f2 dare un contributo positivo.[\/vc_column_text][\/vc_column][vc_column width=&#8221;1\/3&#8243;][vc_column_text] Che cosa L\u2019ha spinta a entrare nel Consiglio della Cassa Raiffeisen di Brunico? Ho deciso di [&hellip;]<\/p>\n","protected":false},"author":2,"featured_media":12936,"comment_status":"open","ping_status":"open","sticky":false,"template":"","format":"standard","meta":{"footnotes":""},"categories":[38],"tags":[62,64],"class_list":["post-13024","post","type-post","status-publish","format-standard","has-post-thumbnail","hentry","category-a-colloquio","tag-interview","tag-interview-it"],"_links":{"self":[{"href":"https:\/\/magazin.raiffeisen.it\/it\/wp-json\/wp\/v2\/posts\/13024","targetHints":{"allow":["GET"]}}],"collection":[{"href":"https:\/\/magazin.raiffeisen.it\/it\/wp-json\/wp\/v2\/posts"}],"about":[{"href":"https:\/\/magazin.raiffeisen.it\/it\/wp-json\/wp\/v2\/types\/post"}],"author":[{"embeddable":true,"href":"https:\/\/magazin.raiffeisen.it\/it\/wp-json\/wp\/v2\/users\/2"}],"replies":[{"embeddable":true,"href":"https:\/\/magazin.raiffeisen.it\/it\/wp-json\/wp\/v2\/comments?post=13024"}],"version-history":[{"count":5,"href":"https:\/\/magazin.raiffeisen.it\/it\/wp-json\/wp\/v2\/posts\/13024\/revisions"}],"predecessor-version":[{"id":13029,"href":"https:\/\/magazin.raiffeisen.it\/it\/wp-json\/wp\/v2\/posts\/13024\/revisions\/13029"}],"wp:featuredmedia":[{"embeddable":true,"href":"https:\/\/magazin.raiffeisen.it\/it\/wp-json\/wp\/v2\/media\/12936"}],"wp:attachment":[{"href":"https:\/\/magazin.raiffeisen.it\/it\/wp-json\/wp\/v2\/media?parent=13024"}],"wp:term":[{"taxonomy":"category","embeddable":true,"href":"https:\/\/magazin.raiffeisen.it\/it\/wp-json\/wp\/v2\/categories?post=13024"},{"taxonomy":"post_tag","embeddable":true,"href":"https:\/\/magazin.raiffeisen.it\/it\/wp-json\/wp\/v2\/tags?post=13024"}],"curies":[{"name":"wp","href":"https:\/\/api.w.org\/{rel}","templated":true}]}}