{"id":13000,"date":"2024-10-24T00:28:16","date_gmt":"2024-10-23T22:28:16","guid":{"rendered":"https:\/\/magazin.raiffeisen.it\/?p=13000"},"modified":"2024-10-16T06:14:14","modified_gmt":"2024-10-16T04:14:14","slug":"raiffeisen-sudtirol-ips-il-sistema-di-tutela-a-garanzia-di-stabilita-e-sicurezza","status":"publish","type":"post","link":"https:\/\/magazin.raiffeisen.it\/it\/raiffeisen-sudtirol-ips-il-sistema-di-tutela-a-garanzia-di-stabilita-e-sicurezza\/","title":{"rendered":"Raiffeisen S\u00fcdtirol IPS: il sistema di tutela a garanzia di stabilit\u00e0 e sicurezza"},"content":{"rendered":"<p>[vc_row][vc_column][vc_column_text]Al 31 dicembre 2023, i fondi propri delle Casse Raiffeisen dell\u2019Alto Adige ammontavano a 2.497,9 milioni di euro, mentre il coefficiente CET1 e il Total Capital Ratio (TCR) erano saliti al 22,7%, attestandosi ben al di sopra dei requisiti minimi regolamentari.<\/p>\n<p>&nbsp;<\/p>\n<p>Le 39 Casse Raiffeisen, insieme a Cassa Centrale dell\u2019Alto Adige SpA e RK Leasing Srl, si sono impegnati a fornirsi reciproco sostegno in caso di crisi. Gi\u00e0 lo scorso agosto, il fondo istituito ad hoc aveva raggiunto il 91% del volume target da conseguire entro il 2028, <strong>potendo cos\u00ec assicurare ai depositi della clientela una tutela particolare, che si estende oltre la solida dotazione patrimoniale delle banche cooperative.<\/strong><\/p>\n<div id=\"gtx-trans\" style=\"position: absolute; left: 496px; top: 271.5px;\">\n<div class=\"gtx-trans-icon\"><\/div>\n<\/div>\n<p>[\/vc_column_text][\/vc_column][\/vc_row][vc_row][vc_column width=&#8221;1\/2&#8243;][vc_column_text]<\/p>\n<h3>Garanzia di stabilit\u00e0<\/h3>\n<p>La societ\u00e0 cooperativa IPS \u00e8 l\u2019Ente Gestore del Raiffeisen S\u00fcdtirol IPS, il sistema di tutela istituzionale (IPS) delle Casse Raiffeisen dell\u2019Alto Adige, il cui compito \u00e8 quello di monitorare costantemente i rischi all\u2019interno della rete e adottare adeguate misure per prevenire situazioni di crisi.<\/p>\n<p>&nbsp;<\/p>\n<p>Nel corso dell\u2019assemblea dei soci ad aprile di quest\u2019anno, sono stati rinnovati il Consiglio di amministrazione e il Collegio sindacale. I membri del primo sono Alexander Gasser, confermato nella carica di presidente, Werner Platzer, Manfred Leimgruber, Josef Niederst\u00e4tter, Philipp Oberrauch, Christina Pupp e Georg Wielander. Il nuovo Collegio sindacale si compone invece di Fortunato Verginer (presidente), Hubert Berger e Roland Stuefer; Oskar Malfertheiner e Andreas Messner sono sindaci suppletivi.[\/vc_column_text][\/vc_column][vc_column width=&#8221;1\/2&#8243;][vc_column_text]<\/p>\n<h3>Successo del sistema IPS in Europa<\/h3>\n<p>Il sistema di tutela istituzionale Raiffeisen S\u00fcdtirol \u00e8 il pi\u00f9 giovane IPS in Europa e l\u2019unico di questo genere in Italia. Questi organismi di solidariet\u00e0, nati circa 90 anni fa dalle organizzazioni cooperative tedesche, si sono affermati in numerosi Paesi, tra cui Germania, Austria, Spagna e Polonia, e il loro successo a livello europeo \u00e8 dimostrato dalla forte stabilit\u00e0 e dall\u2019elevata fiducia della clientela. Recentemente, i rappresentanti di Raiffeisen S\u00fcdtirol IPS hanno preso parte a un incontro in Polonia con i loro omologhi europei per confrontarsi sugli sviluppi attuali.<\/p>\n<p>&nbsp;<\/p>\n<p>La relazione annuale 2023 del Raiffeisen IPS \u00e8 disponibile qui: <a href=\"http:\/\/www.ipsraiffeisen.it\/publications\" target=\"_blank\" rel=\"noopener\">www.ipsraiffeisen.it\/publications<\/a><\/p>\n<div id=\"gtx-trans\" style=\"position: absolute; left: 634px; top: 268.031px;\">\n<div class=\"gtx-trans-icon\"><\/div>\n<\/div>\n<p>[\/vc_column_text][\/vc_column][\/vc_row]<\/p>\n","protected":false},"excerpt":{"rendered":"<p>[vc_row][vc_column][vc_column_text]Al 31 dicembre 2023, i fondi propri delle Casse Raiffeisen dell\u2019Alto Adige ammontavano a 2.497,9 milioni di euro, mentre il coefficiente CET1 e il Total Capital Ratio (TCR) erano saliti al 22,7%, attestandosi ben al di sopra dei requisiti minimi regolamentari. &nbsp; Le 39 Casse Raiffeisen, insieme a Cassa Centrale dell\u2019Alto Adige SpA e RK [&hellip;]<\/p>\n","protected":false},"author":2,"featured_media":12932,"comment_status":"open","ping_status":"open","sticky":false,"template":"","format":"standard","meta":{"footnotes":""},"categories":[32],"tags":[80],"class_list":["post-13000","post","type-post","status-publish","format-standard","has-post-thumbnail","hentry","category-denaro-co","tag-societa-cooperativa"],"_links":{"self":[{"href":"https:\/\/magazin.raiffeisen.it\/it\/wp-json\/wp\/v2\/posts\/13000","targetHints":{"allow":["GET"]}}],"collection":[{"href":"https:\/\/magazin.raiffeisen.it\/it\/wp-json\/wp\/v2\/posts"}],"about":[{"href":"https:\/\/magazin.raiffeisen.it\/it\/wp-json\/wp\/v2\/types\/post"}],"author":[{"embeddable":true,"href":"https:\/\/magazin.raiffeisen.it\/it\/wp-json\/wp\/v2\/users\/2"}],"replies":[{"embeddable":true,"href":"https:\/\/magazin.raiffeisen.it\/it\/wp-json\/wp\/v2\/comments?post=13000"}],"version-history":[{"count":4,"href":"https:\/\/magazin.raiffeisen.it\/it\/wp-json\/wp\/v2\/posts\/13000\/revisions"}],"predecessor-version":[{"id":13004,"href":"https:\/\/magazin.raiffeisen.it\/it\/wp-json\/wp\/v2\/posts\/13000\/revisions\/13004"}],"wp:featuredmedia":[{"embeddable":true,"href":"https:\/\/magazin.raiffeisen.it\/it\/wp-json\/wp\/v2\/media\/12932"}],"wp:attachment":[{"href":"https:\/\/magazin.raiffeisen.it\/it\/wp-json\/wp\/v2\/media?parent=13000"}],"wp:term":[{"taxonomy":"category","embeddable":true,"href":"https:\/\/magazin.raiffeisen.it\/it\/wp-json\/wp\/v2\/categories?post=13000"},{"taxonomy":"post_tag","embeddable":true,"href":"https:\/\/magazin.raiffeisen.it\/it\/wp-json\/wp\/v2\/tags?post=13000"}],"curies":[{"name":"wp","href":"https:\/\/api.w.org\/{rel}","templated":true}]}}