{"id":12989,"date":"2024-10-24T00:29:22","date_gmt":"2024-10-23T22:29:22","guid":{"rendered":"https:\/\/magazin.raiffeisen.it\/?p=12989"},"modified":"2024-10-16T06:00:08","modified_gmt":"2024-10-16T04:00:08","slug":"ospiti-del-castello-emblema-di-fie","status":"publish","type":"post","link":"https:\/\/magazin.raiffeisen.it\/it\/ospiti-del-castello-emblema-di-fie\/","title":{"rendered":"\u201cOspiti del castello emblema di Fi\u00e8\u201d"},"content":{"rendered":"<p>[vc_row][vc_column][vc_single_image image=&#8221;12931&#8243; img_size=&#8221;full&#8221; alignment=&#8221;center&#8221;]<div class=\"ult-spacer\" style=\"height:30px;clear:both;display:block;\"><\/div>[\/vc_column][\/vc_row][vc_row][vc_column][vc_column_text]L\u2019estate scorsa, la troupe cinematografica di Ethical Banking ha avuto l\u2019opportunit\u00e0 di visitare Castel Pr\u00f6sels. Eduard Egarter Vigl, padrone di casa e presidente della societ\u00e0 cooperativa Kuratorium, proprietaria del maniero, ha guidato gli ospiti attraverso le sontuose sale, raccontando la movimentata storia di quello che \u00e8 diventato l\u2019emblema di Fi\u00e8. La prima menzione di una fortificazione medievale \u00e8 contenuta in un documento del 1279: costruito dai signori di Fi\u00e8, ministeriali dei vescovi di Bressanone, per molti secoli funse da castello ancestrale e rifugio. Leonhard von V\u00f6ls-Colonna (1458\u20131530), a lungo governatore dell\u2019Adige e burgravio del Tirolo, lo ampli\u00f2 fino a trasformarlo nell\u2019odierno complesso di edifici, in cui gli stili tardo gotico e rinascimentale si contendono la supremazia.[\/vc_column_text][\/vc_column][\/vc_row][vc_row][vc_column width=&#8221;1\/2&#8243;][vc_column_text]<\/p>\n<h3>Porte aperte<\/h3>\n<p>Dopo l\u2019estinzione della famiglia nobile dei Fi\u00e8 nel 1804, il castello cambi\u00f2 frequentemente proprietario, causandone il parziale degrado che richiese svariati interventi di recupero. Tre anni dopo la morte dell\u2019ultimo proprietario, avvenuta nel 1978, venne acquistato dalla societ\u00e0 cooperativa Kuratorium, che lo sottopose ad approfondito restauro e ne apr\u00ec le porte al pubblico per celebrazioni private, mostre ed eventi culturali. \u201cDurante i mesi estivi\u201d, ci ha informato Egarter Vigl, \u201cvengono organizzate anche visite guidate\u201d.[\/vc_column_text][\/vc_column][vc_column width=&#8221;1\/2&#8243;][vc_column_text]<\/p>\n<h3>Il contributo di Ethical Banking<\/h3>\n<p>Grazie a un prestito agevolato concesso da Ethical Banking, il maniero \u00e8 stato ampliato con una nuova caffetteria e un\u2019enoteca, dove i viticoltori locali possono vendere i loro prodotti. \u201cSiamo molto grati del finanziamento e della disponibilit\u00e0 che abbiamo trovato\u201d, ha sottolineato in conclusione il presidente del Kuratorium, \u201c\u00e8 stato fantastico! Questa iniziativa \u00e8 eccellente perch\u00e9 copre nicchie del settore sociale, culturale e ambientale che altre istituzioni non riescono a raggiungere\u201d.[\/vc_column_text][\/vc_column][\/vc_row][vc_row][vc_column][vc_video link=&#8221;https:\/\/www.youtube.com\/watch?v=5G_toIUEXjU&#8221; el_aspect=&#8221;43&#8243; align=&#8221;center&#8221;]<div class=\"ult-spacer\" style=\"height:30px;clear:both;display:block;\"><\/div>[\/vc_column][\/vc_row][vc_row][vc_column][vc_column_text]<\/p>\n<p style=\"text-align: center;\"><strong>Per saperne di pi\u00f9:<\/strong><\/p>\n<p style=\"text-align: center;\"><a href=\"http:\/\/www.youtube.com\/ethicalbanking\" target=\"_blank\" rel=\"noopener\"><strong>www.youtube.com\/ethicalbanking<\/strong><\/a><\/p>\n<p style=\"text-align: center;\"><strong><a href=\"http:\/\/www.ethicalbanking.it\" target=\"_blank\" rel=\"noopener\">www.ethicalbanking.it<\/a><\/strong><\/p>\n<p>[\/vc_column_text][\/vc_column][\/vc_row]<\/p>\n","protected":false},"excerpt":{"rendered":"<p>[vc_row][vc_column][vc_single_image image=&#8221;12931&#8243; img_size=&#8221;full&#8221; alignment=&#8221;center&#8221;][\/vc_column][\/vc_row][vc_row][vc_column][vc_column_text]L\u2019estate scorsa, la troupe cinematografica di Ethical Banking ha avuto l\u2019opportunit\u00e0 di visitare Castel Pr\u00f6sels. Eduard Egarter Vigl, padrone di casa e presidente della societ\u00e0 cooperativa Kuratorium, proprietaria del maniero, ha guidato gli ospiti attraverso le sontuose sale, raccontando la movimentata storia di quello che \u00e8 diventato l\u2019emblema di Fi\u00e8. La prima [&hellip;]<\/p>\n","protected":false},"author":2,"featured_media":12930,"comment_status":"open","ping_status":"open","sticky":false,"template":"","format":"standard","meta":{"footnotes":""},"categories":[32],"tags":[22,82],"class_list":["post-12989","post","type-post","status-publish","format-standard","has-post-thumbnail","hentry","category-denaro-co","tag-ethical-banking-it","tag-ethical-banking-2"],"_links":{"self":[{"href":"https:\/\/magazin.raiffeisen.it\/it\/wp-json\/wp\/v2\/posts\/12989","targetHints":{"allow":["GET"]}}],"collection":[{"href":"https:\/\/magazin.raiffeisen.it\/it\/wp-json\/wp\/v2\/posts"}],"about":[{"href":"https:\/\/magazin.raiffeisen.it\/it\/wp-json\/wp\/v2\/types\/post"}],"author":[{"embeddable":true,"href":"https:\/\/magazin.raiffeisen.it\/it\/wp-json\/wp\/v2\/users\/2"}],"replies":[{"embeddable":true,"href":"https:\/\/magazin.raiffeisen.it\/it\/wp-json\/wp\/v2\/comments?post=12989"}],"version-history":[{"count":5,"href":"https:\/\/magazin.raiffeisen.it\/it\/wp-json\/wp\/v2\/posts\/12989\/revisions"}],"predecessor-version":[{"id":12994,"href":"https:\/\/magazin.raiffeisen.it\/it\/wp-json\/wp\/v2\/posts\/12989\/revisions\/12994"}],"wp:featuredmedia":[{"embeddable":true,"href":"https:\/\/magazin.raiffeisen.it\/it\/wp-json\/wp\/v2\/media\/12930"}],"wp:attachment":[{"href":"https:\/\/magazin.raiffeisen.it\/it\/wp-json\/wp\/v2\/media?parent=12989"}],"wp:term":[{"taxonomy":"category","embeddable":true,"href":"https:\/\/magazin.raiffeisen.it\/it\/wp-json\/wp\/v2\/categories?post=12989"},{"taxonomy":"post_tag","embeddable":true,"href":"https:\/\/magazin.raiffeisen.it\/it\/wp-json\/wp\/v2\/tags?post=12989"}],"curies":[{"name":"wp","href":"https:\/\/api.w.org\/{rel}","templated":true}]}}