{"id":12677,"date":"2024-06-13T00:29:41","date_gmt":"2024-06-12T22:29:41","guid":{"rendered":"https:\/\/magazin.raiffeisen.it\/?p=12677"},"modified":"2024-06-11T09:35:38","modified_gmt":"2024-06-11T07:35:38","slug":"realizzato-il-sogno-di-una-vita","status":"publish","type":"post","link":"https:\/\/magazin.raiffeisen.it\/it\/realizzato-il-sogno-di-una-vita\/","title":{"rendered":"Realizzato il sogno di una vita"},"content":{"rendered":"<p>[vc_row][vc_column][vc_column_text]Il Koflhof, un piccolo maso di montagna sul Monte Trumes, nei pressi di Castelbello, comprende circa 2,8 ettari di prati e un pascolo. Gli interventi di risanamento hanno interessato dapprima l\u2019abitazione, cui sono seguiti un accurato restauro del fabbricato agricolo e alcune misure di parziale bonifica e drenaggio dei prati. Sebbene la famiglia Gstrein-P\u00f6der avesse inizialmente programmato di trascorrervi un anno di prova, dopo soli tre mesi aveva immediatamente capito che questo maso, adagiato lungo i pendii del Monte Sole in Val Venosta, sarebbe stato la loro nuova dimora.[\/vc_column_text][\/vc_column][\/vc_row][vc_row][vc_column][vc_single_image image=&#8221;12617&#8243; img_size=&#8221;full&#8221; alignment=&#8221;center&#8221;][\/vc_column][\/vc_row][vc_row][vc_column width=&#8221;1\/2&#8243;][vc_column_text]<\/p>\n<h3>Agricoltura biologica<\/h3>\n<p>L\u2019azienda \u00e8 stata convertita all\u2019agricoltura biologica ed \u00e8 stato costruito un nuovo edificio con una sala macchine per reintrodurvi gli animali. Il materiale da costruzione \u00e8 legno proveniente dal vicino bosco, abbattuto a mano e tagliato a misura con una sega mobile. \u201cGrazie a Ethical Banking, abbiamo potuto realizzare il nostro sogno, che si \u00e8 concretizzato nel settembre 2022 con l\u2019acquisto di 32 capre da latte e un caprone da una fattoria biologica in Valle Aurina\u201d, racconta Kordula Gstrein. Oltre a lei e al marito Klaus, anche le figlie Nina e Anne sono impegnate con i lavori nel maso.[\/vc_column_text][\/vc_column][vc_column width=&#8221;1\/2&#8243;][vc_column_text]<\/p>\n<h3>In armonia con la natura<\/h3>\n<p>Per Kordula, le vere sfide sono state la conservazione e la manutenzione dello sfaccettato paesaggio e la coltivazione dei prati, a volte scoscesi, cos\u00ec come la produzione e la commercializzazione regionale di prodotti di qualit\u00e0. Per la prima volta, infatti, il latte fresco sar\u00e0 lavorato in azienda, visto che la famiglia trascorre l\u2019estate sull\u2019alpeggio insieme alle sue caprette. La visione del Koflhof? \u201cVogliamo gestire il maso in armonia con la natura, senza sfruttare il suolo, gli animali e le persone che vivono nei dintorni\u201d. La famiglia spera di riportare in vita e preservare a lungo questo maso, che versava in stato di abbandono. \u201cLa regionalit\u00e0 \u00e8 un altro aspetto essenziale del nostro approccio\u201d, ci spiega entusiasta Kordula. \u201cVogliamo produrre formaggio di capra biologico di qualit\u00e0 (come quello semiduro, quello cremoso e, in futuro, forse anche \u201cfeta\u201d e formaggio da grigliare a base di puro latte di capra). \u00c8 stata una sensazione meravigliosa quando le nostre capre Saanen hanno \u2018preso possesso\u2019 della stalla, la loro nuova casa. Ogni giorno ci ha riservato nuove sfide e nuove incognite ma i nostri animali, che ci guardano sempre curiosi e felici, ci hanno fatto dimenticare ogni perplessit\u00e0.\u201d[\/vc_column_text][\/vc_column][\/vc_row][vc_row][vc_column][vc_video link=&#8221;https:\/\/www.youtube.com\/watch?v=Wgyj5h1EFY8&#8243; el_aspect=&#8221;43&#8243; align=&#8221;center&#8221;][\/vc_column][\/vc_row][vc_row][vc_column]<div class=\"ult-spacer\" style=\"height:30px;clear:both;display:block;\"><\/div>[\/vc_column][\/vc_row][vc_row][vc_column][vc_column_text]<\/p>\n<p style=\"text-align: center;\"><strong>Per saperne di pi\u00f9:<\/strong><\/p>\n<p style=\"text-align: center;\"><a href=\"http:\/\/www.youtube.com\/ethicalbanking\" target=\"_blank\" rel=\"noopener\"><strong>www.youtube.com\/ethicalbanking<\/strong><\/a><\/p>\n<p style=\"text-align: center;\"><strong><a href=\"http:\/\/www.ethicalbanking.it\" target=\"_blank\" rel=\"noopener\">www.ethicalbanking.it<\/a><\/strong><\/p>\n<p>[\/vc_column_text][\/vc_column][\/vc_row]<\/p>\n","protected":false},"excerpt":{"rendered":"<p>[vc_row][vc_column][vc_column_text]Il Koflhof, un piccolo maso di montagna sul Monte Trumes, nei pressi di Castelbello, comprende circa 2,8 ettari di prati e un pascolo. Gli interventi di risanamento hanno interessato dapprima l\u2019abitazione, cui sono seguiti un accurato restauro del fabbricato agricolo e alcune misure di parziale bonifica e drenaggio dei prati. Sebbene la famiglia Gstrein-P\u00f6der avesse [&hellip;]<\/p>\n","protected":false},"author":2,"featured_media":12618,"comment_status":"open","ping_status":"open","sticky":false,"template":"","format":"standard","meta":{"footnotes":""},"categories":[32],"tags":[22,82],"class_list":["post-12677","post","type-post","status-publish","format-standard","has-post-thumbnail","hentry","category-denaro-co","tag-ethical-banking-it","tag-ethical-banking-2"],"_links":{"self":[{"href":"https:\/\/magazin.raiffeisen.it\/it\/wp-json\/wp\/v2\/posts\/12677","targetHints":{"allow":["GET"]}}],"collection":[{"href":"https:\/\/magazin.raiffeisen.it\/it\/wp-json\/wp\/v2\/posts"}],"about":[{"href":"https:\/\/magazin.raiffeisen.it\/it\/wp-json\/wp\/v2\/types\/post"}],"author":[{"embeddable":true,"href":"https:\/\/magazin.raiffeisen.it\/it\/wp-json\/wp\/v2\/users\/2"}],"replies":[{"embeddable":true,"href":"https:\/\/magazin.raiffeisen.it\/it\/wp-json\/wp\/v2\/comments?post=12677"}],"version-history":[{"count":6,"href":"https:\/\/magazin.raiffeisen.it\/it\/wp-json\/wp\/v2\/posts\/12677\/revisions"}],"predecessor-version":[{"id":12692,"href":"https:\/\/magazin.raiffeisen.it\/it\/wp-json\/wp\/v2\/posts\/12677\/revisions\/12692"}],"wp:featuredmedia":[{"embeddable":true,"href":"https:\/\/magazin.raiffeisen.it\/it\/wp-json\/wp\/v2\/media\/12618"}],"wp:attachment":[{"href":"https:\/\/magazin.raiffeisen.it\/it\/wp-json\/wp\/v2\/media?parent=12677"}],"wp:term":[{"taxonomy":"category","embeddable":true,"href":"https:\/\/magazin.raiffeisen.it\/it\/wp-json\/wp\/v2\/categories?post=12677"},{"taxonomy":"post_tag","embeddable":true,"href":"https:\/\/magazin.raiffeisen.it\/it\/wp-json\/wp\/v2\/tags?post=12677"}],"curies":[{"name":"wp","href":"https:\/\/api.w.org\/{rel}","templated":true}]}}