{"id":12273,"date":"2023-12-14T00:24:38","date_gmt":"2023-12-13T22:24:38","guid":{"rendered":"https:\/\/magazin.raiffeisen.it\/?p=12273"},"modified":"2023-12-12T04:31:25","modified_gmt":"2023-12-12T02:31:25","slug":"lequita-ha-inizio-nel-carrello-della-spesa","status":"publish","type":"post","link":"https:\/\/magazin.raiffeisen.it\/it\/lequita-ha-inizio-nel-carrello-della-spesa\/","title":{"rendered":"L\u2019equit\u00e0 ha inizio nel carrello della spesa"},"content":{"rendered":"<p>[vc_row][vc_column][vc_column_text]<strong>Sig. Schwingshackl, quando \u00e8 stata fondata la Bottega del Mondo \u201cTwigga\u201d e qual \u00e8 il significato del suo nome? <\/strong><\/p>\n<p><span class=\"interview\">Hans Schwingshackl:<\/span> La sua nascita risale al 1993 ed \u00e8 frutto dell\u2019iniziativa di due operatori dello sviluppo, all\u2019epoca in missione in Tanzania. Inizialmente costituita come associazione, nel 1997 \u00e8 stata trasformata in cooperativa sociale e la sua sede trasferita da San Lorenzo alla citt\u00e0 alta di Brunico, nella storica Casa Seeb\u00f6ck. In swahili, \u201cTwigga\u201d significa giraffa, il cui lungo collo simboleggia lo sguardo oltre i propri confini e l\u2019apertura alle bellezze e ai problemi del mondo.<\/p>\n<p>&nbsp;<\/p>\n<p><strong>Che cosa s\u2019intende per commercio equo e solidale? Quali sono gli obiettivi e i principi fondamentali? <\/strong><\/p>\n<p>Questa forma di \u201cscambio\u201d offre ai produttori del sud del mondo l\u2019opportunit\u00e0 di commer- cializzare la propria merce a condizioni eque nel nord: con un reddito sicuro e condizioni di lavoro adeguate, si cerca di prevenire il lavoro minorile e di promuovere la parit\u00e0 di genere, oltre che la libert\u00e0 di associazione. Altri obiettivi sono la tutela dell\u2019ambiente attraverso una produzione ecosostenibile e l\u2019istruzione.<\/p>\n<div id=\"gtx-trans\" style=\"position: absolute; left: -60px; top: 247.5px;\">\n<div class=\"gtx-trans-icon\"><\/div>\n<\/div>\n<p>[\/vc_column_text][\/vc_column][\/vc_row][vc_row][vc_column]<hr class=\"black-line\"\/><div class=\"ult-spacer\" style=\"height:30px;clear:both;display:block;\"><\/div>[\/vc_column][\/vc_row][vc_row][vc_column width=&#8221;1\/2&#8243;][vc_column_text]<strong> Chi gestisce e controlla questa forma di attivit\u00e0 commerciale? <\/strong><\/p>\n<p>Sono soprattutto le grandi realt\u00e0 operanti nell\u2019import, come Altromercato in Italia, EZA in Austria e GEPA in Germania, che agiscono in veste di \u201corganizzazioni intermedie\u201d, creando un ponte tra i produttori e le Botteghe del Mondo e, attraverso la certificazione WFTO (World Fair Trade Organization), garantiscono il rispetto di determinati criteri.<\/p>\n<div id=\"gtx-trans\" style=\"position: absolute; left: -3px; top: -16.5px;\">\n<div class=\"gtx-trans-icon\"><\/div>\n<\/div>\n<p>[\/vc_column_text][\/vc_column][vc_column width=&#8221;1\/2&#8243;][vc_column_text]<strong>Ritiene che il commercio equo e solidale rappresenti una forma di autoaiuto? <\/strong><\/p>\n<p>Certamente. Poich\u00e9 la maggior parte dei produttori \u00e8 organizzata sotto forma di societ\u00e0 cooperative, in molti Paesi il commercio equo e solidale \u00e8 anche un motore per lo sviluppo sostenibile. Di norma, questi \u201cimprenditori\u201d possono contare su garanzie di acquisto e prezzi minimi per la loro merce, ma anche sulla liquidazione anticipata del ricavato. In aggiunta, i soci possono avvalersi di una valida consulenza in tema di coltivazione e lavorazione dei prodotti.<\/p>\n<div id=\"gtx-trans\" style=\"position: absolute; left: -20px; top: 31.5px;\">\n<div class=\"gtx-trans-icon\"><\/div>\n<\/div>\n<p>[\/vc_column_text][\/vc_column][\/vc_row][vc_row][vc_column]<hr class=\"black-line\"\/><div class=\"ult-spacer\" style=\"height:30px;clear:both;display:block;\"><\/div>[\/vc_column][\/vc_row][vc_row][vc_column][vc_column_text]<strong>In Alto Adige, le Botteghe del Mondo sono costituite come cooperative&#8230; <\/strong><\/p>\n<p>Nella nostra provincia se ne contano 13, gran parte delle quali gestite come cooperative sociali, il cui avvio \u00e8 stato reso possibile dalle quote versate dai membri che, ad es., hanno acquistato i prodotti o pagato di tasca propria l\u2019affitto e i costi del personale, oltre a essere clienti fedeli dei punti vendita. La struttura cooperativa garantisce un forte legame con i soci, tra l\u2019altro, attraverso l\u2019assemblea generale annuale, gli inviti a eventi speciali e le informazioni periodiche.<\/p>\n<p>&nbsp;<\/p>\n<p><strong>Cos\u2019\u00e8 possibile acquistare in una Bottega del Mondo e qual \u00e8 il Suo prodotto preferito? <\/strong><\/p>\n<p>La maggior parte dei clienti sceglie generi alimentari, tra cui sono particolarmente apprezzati caff\u00e8, cioccolato, miele, t\u00e8, pasta e riso. Molti vanno anche alla ricerca di regali, come bigiotteria, oggetti in vetro e ceramiche, ma sono richiesti anche articoli artigianali e capi d\u2019abbigliamento. Infine, alcune Botteghe offrono pacchetti natalizi solidali, il cui ricavato sostiene progetti sociali. I miei preferiti sono il caff\u00e8 e le pantofole di feltro del Nepal.<\/p>\n<p>&nbsp;<\/p>\n<p><strong>Avete rilevato un aumento del consumo sostenibile negli anni o si \u00e8 registrata una battuta d\u2019arresto a causa dell\u2019elevata inflazione? <\/strong><\/p>\n<p>Nell\u2019area urbana assistiamo a un crescente interesse per le nostre offerte, soprattutto tra i pi\u00f9 giovani. I nostri clienti tendono a fare acquisti consapevoli, puntando su qualit\u00e0 di manufatti e alimenti, commercio equo e forme di produzione ecologica.<\/p>\n<div id=\"gtx-trans\" style=\"position: absolute; left: -33px; top: 463.5px;\">\n<div class=\"gtx-trans-icon\"><\/div>\n<\/div>\n<p>[\/vc_column_text][\/vc_column][\/vc_row][vc_row][vc_column]<hr class=\"black-line\"\/><div class=\"ult-spacer\" style=\"height:30px;clear:both;display:block;\"><\/div>[\/vc_column][\/vc_row][vc_row][vc_column width=&#8221;1\/2&#8243;][vc_column_text]<strong>Com\u2019\u00e8 possibile sensibilizzare la popolazione su stili di vita ecocompatibili e prodotti equi? <\/strong><\/p>\n<p>La rete delle Botteghe del Mondo fornisce informazioni nel corso di tutto l\u2019anno e organizza iniziative su questi temi, tra cui la Settimana della Fair Fashion ad aprile, la Giornata annuale delle Botteghe del Mondo a maggio e la campagna di San Nicol\u00f2 con il cioccolato equo. Infine, oltre ad accogliere periodicamente le scolaresche in visita ai nostri punti vendita, manteniamo stretti contatti con le organizzazioni giovanili e il Movimento Cattolico Femminile.<\/p>\n<div id=\"gtx-trans\" style=\"position: absolute; left: -24px; top: -16.5px;\">\n<div class=\"gtx-trans-icon\"><\/div>\n<\/div>\n<p>[\/vc_column_text][\/vc_column][vc_column width=&#8221;1\/2&#8243;][vc_column_text]<strong>Che cosa La lega personalmente al commercio equo e solidale e perch\u00e9 Le sta particolarmente a cuore? <\/strong><\/p>\n<p>Sono un convinto sostenitore della cooperazione, che al suo centro colloca sempre il concetto di NOI. Le organizzazioni aderenti non puntano sulla massimizzazione del profitto personale, ma consentono a produttori e acquirenti di trarre beneficio in egual misura. A mio avviso, lo sfruttamento della natura e delle persone pu\u00f2 essere fermato solo se prevalgono forme alternative di attivit\u00e0 economica: <strong>\u00e8 arrivato il momento di un cambiamento equo e solidale!<\/strong><\/p>\n<div id=\"gtx-trans\" style=\"position: absolute; left: 211px; top: 151.5px;\">\n<div class=\"gtx-trans-icon\"><\/div>\n<\/div>\n<p>[\/vc_column_text][\/vc_column][\/vc_row][vc_row][vc_column]<hr class=\"black-line\"\/><div class=\"ult-spacer\" style=\"height:30px;clear:both;display:block;\"><\/div>[\/vc_column][\/vc_row][vc_row][vc_column][vc_column_text]<\/p>\n<h3>Le Botteghe del Mondo in Alto Adige<\/h3>\n<p>Il primo di questi punti vendita \u00e8 stato inaugurato nel 1969 nei Paesi Bassi, da dove il movimento si \u00e8 diffuso in tutta l\u2019Europa occidentale. Oggi,<strong> l\u2019Alto Adige conta 13 Botteghe del Mondo,<\/strong> 11 delle quali operano sotto forma di cooperative sociali (organizzazioni senza scopo di lucro). Nel 2013, queste realt\u00e0 si sono unite per dare vita alla rete d\u2019impresa delle Botteghe del Mondo dell\u2019Alto Adige, con l\u2019obiettivo di promuovere la consapevolezza nei confronti del commercio equo e solidale.<\/p>\n<div id=\"gtx-trans\" style=\"position: absolute; left: 46px; top: 148.031px;\">\n<div class=\"gtx-trans-icon\"><\/div>\n<\/div>\n<p>[\/vc_column_text][\/vc_column][\/vc_row][vc_row][vc_column width=&#8221;1\/2&#8243;][vc_single_image image=&#8221;12165&#8243; img_size=&#8221;full&#8221;][\/vc_column][vc_column width=&#8221;1\/2&#8243;][vc_column_text]<\/p>\n<h3>Bottega del Mondo Laces:<\/h3>\n<p>cioccolato equo e solidale alla melaLa Bottega del Mondo Laces d\u00e0 il buon esempio con un\u2019iniziativa speciale. In collaborazione con la rinomata azienda stiriana Zotter, distribuisce un cioccolato alla mela unico nel suo genere. \u201cLa sua particolarit\u00e0 \u00e8 data dalla collaborazione tra produttori di diversi continenti\u201d, sottolinea il <strong>presidente Richard Theiner.<\/strong> \u201c\u00c8 infatti composto da cioccolato equo e solidale proveniente dal sud del mondo e da mele biologiche altoatesine accuratamente lavorate da VOG Products. Il risultato \u00e8 un prodotto delizioso, sinonimo di equit\u00e0 e sostenibilit\u00e0\u201d.<\/p>\n<div id=\"gtx-trans\" style=\"position: absolute; left: 471px; top: 124.031px;\">\n<div class=\"gtx-trans-icon\"><\/div>\n<\/div>\n<p>[\/vc_column_text][\/vc_column][\/vc_row]<\/p>\n","protected":false},"excerpt":{"rendered":"<p>[vc_row][vc_column][vc_column_text]Sig. Schwingshackl, quando \u00e8 stata fondata la Bottega del Mondo \u201cTwigga\u201d e qual \u00e8 il significato del suo nome? Hans Schwingshackl: La sua nascita risale al 1993 ed \u00e8 frutto dell\u2019iniziativa di due operatori dello sviluppo, all\u2019epoca in missione in Tanzania. Inizialmente costituita come associazione, nel 1997 \u00e8 stata trasformata in cooperativa sociale e la [&hellip;]<\/p>\n","protected":false},"author":2,"featured_media":12158,"comment_status":"open","ping_status":"open","sticky":false,"template":"","format":"standard","meta":{"footnotes":""},"categories":[3,38],"tags":[62,64],"class_list":["post-12273","post","type-post","status-publish","format-standard","has-post-thumbnail","hentry","category-titelthema","category-a-colloquio","tag-interview","tag-interview-it"],"_links":{"self":[{"href":"https:\/\/magazin.raiffeisen.it\/it\/wp-json\/wp\/v2\/posts\/12273","targetHints":{"allow":["GET"]}}],"collection":[{"href":"https:\/\/magazin.raiffeisen.it\/it\/wp-json\/wp\/v2\/posts"}],"about":[{"href":"https:\/\/magazin.raiffeisen.it\/it\/wp-json\/wp\/v2\/types\/post"}],"author":[{"embeddable":true,"href":"https:\/\/magazin.raiffeisen.it\/it\/wp-json\/wp\/v2\/users\/2"}],"replies":[{"embeddable":true,"href":"https:\/\/magazin.raiffeisen.it\/it\/wp-json\/wp\/v2\/comments?post=12273"}],"version-history":[{"count":6,"href":"https:\/\/magazin.raiffeisen.it\/it\/wp-json\/wp\/v2\/posts\/12273\/revisions"}],"predecessor-version":[{"id":12282,"href":"https:\/\/magazin.raiffeisen.it\/it\/wp-json\/wp\/v2\/posts\/12273\/revisions\/12282"}],"wp:featuredmedia":[{"embeddable":true,"href":"https:\/\/magazin.raiffeisen.it\/it\/wp-json\/wp\/v2\/media\/12158"}],"wp:attachment":[{"href":"https:\/\/magazin.raiffeisen.it\/it\/wp-json\/wp\/v2\/media?parent=12273"}],"wp:term":[{"taxonomy":"category","embeddable":true,"href":"https:\/\/magazin.raiffeisen.it\/it\/wp-json\/wp\/v2\/categories?post=12273"},{"taxonomy":"post_tag","embeddable":true,"href":"https:\/\/magazin.raiffeisen.it\/it\/wp-json\/wp\/v2\/tags?post=12273"}],"curies":[{"name":"wp","href":"https:\/\/api.w.org\/{rel}","templated":true}]}}