{"id":12118,"date":"2023-10-24T00:23:42","date_gmt":"2023-10-23T22:23:42","guid":{"rendered":"https:\/\/magazin.raiffeisen.it\/?p=12118"},"modified":"2023-10-21T13:02:47","modified_gmt":"2023-10-21T11:02:47","slug":"via-alle-miniere-e-sentiero-birmehl-a-chiusa","status":"publish","type":"post","link":"https:\/\/magazin.raiffeisen.it\/it\/via-alle-miniere-e-sentiero-birmehl-a-chiusa\/","title":{"rendered":"Via alle Miniere e sentiero Birmehl a Chiusa"},"content":{"rendered":"<p>[vc_row][vc_column width=&#8221;1\/3&#8243;][vc_column_text]<\/p>\n<h2 class=\"p1 h2-lines\">Dati del tour<\/h2>\n<p><strong>Lunghezza: <\/strong>16,6\u2009km<br \/>\n<strong>Tempo di percorrenza:<\/strong> 6:30\u2009h<br \/>\n<strong>Salita:<\/strong> 1.214\u2009m<br \/>\n<strong>Discesa:<\/strong> 1.214\u2009m<br \/>\n<strong>Grado di difficolt\u00e0:<\/strong> media<\/p>\n<p>&nbsp;<\/p>\n<p><a href=\"https:\/\/www.alpenvereinaktiv.com\/de\/tour\/erzweg-und-birmehlwanderung-klausen\/32813344\/\" target=\"_blank\" rel=\"noopener\">Il tour per iPhone e Android<\/a>[\/vc_column_text][vc_column_text]<\/p>\n<hr class=\"green-line\" \/>\n<p>[\/vc_column_text][\/vc_column][vc_column width=&#8221;1\/3&#8243;][vc_column_text]<\/p>\n<h2 class=\"p1 h2-lines\">Descrizione del percorso<\/h2>\n<p>Partenza da Chiusa. Ci addentriamo nella vallata risalendo il \u201cSentiero delle castagne\u201d. Attraverso la Via alle Miniere raggiungiamo la chiesa di Sant\u2019Anna.<\/p>\n<p>&nbsp;<\/p>\n<p>Il tracciato n. 3 ci conduce a Lazfons e poi a Verdignes. Attraverso il sentiero Birmehl arriviamo al Monastero di Sabiona e a Chiusa.[\/vc_column_text][vc_column_text]<\/p>\n<hr class=\"green-line\" \/>\n<p>[\/vc_column_text][\/vc_column][vc_column width=&#8221;1\/3&#8243;][vc_column_text]<\/p>\n<h2 class=\"h2-lines\">guida naturalistico-paesaggistica<\/h2>\n<p>\u201cQuest\u2019escursione \u00e8 consigliata in autunno, in occasione della Birmehlfest (festa della farina di pere), che consente di degustare i piatti tradizionali a base di questo ingrediente\u201d<\/p>\n<p>&nbsp;<\/p>\n<p>guida naturalistico-paesaggistica Olav Lutz, <a href=\"mailto:olav.lutz@rolmail.net\" target=\"_blank\" rel=\"noopener noreferrer\">olav.lutz@rolmail.net<\/a>[\/vc_column_text][vc_column_text]<\/p>\n<hr class=\"green-line\" \/>\n<p>[\/vc_column_text][\/vc_column][\/vc_row][vc_row][vc_column]<div class=\"ult-spacer\" style=\"height:35px;clear:both;display:block;\"><\/div>[\/vc_column][\/vc_row][vc_row][vc_column][vc_column_text]<\/p>\n<h3>Partiamo dal Torrente Tina di Chiusa, cittadina degli artisti dominata dall\u2019imponente Monastero di Sabiona, e risaliamo la vallata e il \u201cSentiero delle castagne\u201d, che ben presto si dirama a sinistra, facendosi sempre pi\u00f9 ripido.<\/h3>\n<p>L\u2019ascesa \u00e8 faticosa, ma resa pi\u00f9 piacevole dalla mite aria autunnale. Il percorso costeggia possenti castagni e pinete. A met\u00e0 strada, ci imbattiamo nella deviazione verso un menhir di epoca preistorica. Seguendo la Via alle Miniere, raggiungiamo un piccolo prato dove sorge la chiesetta di Sant\u2019Anna, un luogo di sosta ideale. Quindi, torniamo sul sentiero n. 3 che, dapprima, procede in piano e poi in ripida discesa. Invece di scendere lungo la strada carrabile, saliamo a Lazfons, passando davanti al castello neoromanico di Gerstein (o Castel Tina). Dopo un\u2019ora torniamo in quota dove imbocchiamo il sentiero n. 3 per Verdignes.<\/p>\n<div id=\"gtx-trans\" style=\"position: absolute; left: -33px; top: -16.5px;\">\n<div class=\"gtx-trans-icon\"><\/div>\n<\/div>\n<p>[\/vc_column_text][\/vc_column][\/vc_row][vc_row][vc_column]<div class=\"ult-spacer\" style=\"height:35px;clear:both;display:block;\"><\/div>[\/vc_column][\/vc_row][vc_row][vc_column width=&#8221;2\/3&#8243;][vc_column_text]<\/p>\n<h3>Panorami straordinari e specialit\u00e0 culinarie<\/h3>\n<p>La piccola localit\u00e0 di Verdignes, insieme al gruppo di masi Pradello, \u00e8 uno dei punti panoramici pi\u00f9 belli della bassa Valle Isarco, da cui si gode di una magnifica vista sul Monastero di Sabiona e sulle Dolomiti. Pradello \u00e8 famoso per i suoi pereti, da cui si estrae la salutare farina di pere (Birmehl), usata per molto tempo dai contadini come sostituto del pi\u00f9 costoso zucchero. Al Ristorante S. Valentino, accanto all\u2019omonima chiesa, assaggiamo svariate specialit\u00e0 a base di questa farina e lasciamo che lo chef junior Hansj\u00f6rg Stecher ci illustri i vari piatti. Ben rifocillati, visitiamo la chiesa prima di scendere lungo il sentiero Birmehl fino al Monastero di Sabiona e a Chiusa, punto di partenza della nostra escursione.<\/p>\n<div id=\"gtx-trans\" style=\"position: absolute; left: -14px; top: -16.5px;\">\n<div class=\"gtx-trans-icon\"><\/div>\n<\/div>\n<p>[\/vc_column_text][\/vc_column][vc_column width=&#8221;1\/3&#8243;][vc_single_image image=&#8221;11978&#8243; img_size=&#8221;full&#8221;][\/vc_column][\/vc_row]<\/p>\n","protected":false},"excerpt":{"rendered":"<p>[vc_row][vc_column width=&#8221;1\/3&#8243;][vc_column_text] Dati del tour Lunghezza: 16,6\u2009km Tempo di percorrenza: 6:30\u2009h Salita: 1.214\u2009m Discesa: 1.214\u2009m Grado di difficolt\u00e0: media &nbsp; Il tour per iPhone e Android[\/vc_column_text][vc_column_text] [\/vc_column_text][\/vc_column][vc_column width=&#8221;1\/3&#8243;][vc_column_text] Descrizione del percorso Partenza da Chiusa. Ci addentriamo nella vallata risalendo il \u201cSentiero delle castagne\u201d. Attraverso la Via alle Miniere raggiungiamo la chiesa di Sant\u2019Anna. &nbsp; Il [&hellip;]<\/p>\n","protected":false},"author":2,"featured_media":11985,"comment_status":"open","ping_status":"open","sticky":false,"template":"","format":"standard","meta":{"footnotes":""},"categories":[3,68],"tags":[71],"class_list":["post-12118","post","type-post","status-publish","format-standard","has-post-thumbnail","hentry","category-titelthema","category-consigli-e-svago","tag-suggerimento-di-escursione"],"_links":{"self":[{"href":"https:\/\/magazin.raiffeisen.it\/it\/wp-json\/wp\/v2\/posts\/12118","targetHints":{"allow":["GET"]}}],"collection":[{"href":"https:\/\/magazin.raiffeisen.it\/it\/wp-json\/wp\/v2\/posts"}],"about":[{"href":"https:\/\/magazin.raiffeisen.it\/it\/wp-json\/wp\/v2\/types\/post"}],"author":[{"embeddable":true,"href":"https:\/\/magazin.raiffeisen.it\/it\/wp-json\/wp\/v2\/users\/2"}],"replies":[{"embeddable":true,"href":"https:\/\/magazin.raiffeisen.it\/it\/wp-json\/wp\/v2\/comments?post=12118"}],"version-history":[{"count":8,"href":"https:\/\/magazin.raiffeisen.it\/it\/wp-json\/wp\/v2\/posts\/12118\/revisions"}],"predecessor-version":[{"id":12126,"href":"https:\/\/magazin.raiffeisen.it\/it\/wp-json\/wp\/v2\/posts\/12118\/revisions\/12126"}],"wp:featuredmedia":[{"embeddable":true,"href":"https:\/\/magazin.raiffeisen.it\/it\/wp-json\/wp\/v2\/media\/11985"}],"wp:attachment":[{"href":"https:\/\/magazin.raiffeisen.it\/it\/wp-json\/wp\/v2\/media?parent=12118"}],"wp:term":[{"taxonomy":"category","embeddable":true,"href":"https:\/\/magazin.raiffeisen.it\/it\/wp-json\/wp\/v2\/categories?post=12118"},{"taxonomy":"post_tag","embeddable":true,"href":"https:\/\/magazin.raiffeisen.it\/it\/wp-json\/wp\/v2\/tags?post=12118"}],"curies":[{"name":"wp","href":"https:\/\/api.w.org\/{rel}","templated":true}]}}