{"id":12087,"date":"2023-10-24T00:24:19","date_gmt":"2023-10-23T22:24:19","guid":{"rendered":"https:\/\/magazin.raiffeisen.it\/?p=12087"},"modified":"2023-10-21T12:34:20","modified_gmt":"2023-10-21T10:34:20","slug":"donne-e-leadership-un-binomio-vincente","status":"publish","type":"post","link":"https:\/\/magazin.raiffeisen.it\/it\/donne-e-leadership-un-binomio-vincente\/","title":{"rendered":"\u201cDonne e leadership, un binomio vincente!\u201d"},"content":{"rendered":"<p>[vc_row][vc_column][vc_column_text]<strong>Signora Schwarz, ci spiega perch\u00e9 \u00e8 stato fondato il gruppo di lavoro che presiede? <\/strong><\/p>\n<p><span class=\"interview\">Paulina Schwarz.<\/span> Purtroppo, le donne sono ancora troppo poco rappresentate negli organi gestionali delle societ\u00e0 cooperative: per contrastare questa situazione, nel 2015, la Federazione ha istituito il <strong>gruppo di lavoro \u201cDonne alla guida delle cooperative\u201d.<\/strong> In stretta collaborazione con le organizzazioni femminili, svolgiamo un\u2019opera di sensibilizzazione volta a motivare un maggior numero di donne a candidarsi o a far parte dei consigli di amministrazione e di vigilanza. In tal senso, sono essenziali il confronto e l\u2019indicazione di modelli di riferimento.<\/p>\n<div id=\"gtx-trans\" style=\"position: absolute; left: 434px; top: 79.5px;\">\n<div class=\"gtx-trans-icon\"><\/div>\n<\/div>\n<p>[\/vc_column_text]<hr class=\"black-line\"\/><div class=\"ult-spacer\" style=\"height:30px;clear:both;display:block;\"><\/div>[\/vc_column][\/vc_row][vc_row][vc_column width=&#8221;1\/2&#8243;][vc_column_text]<strong>Qual \u00e8 la situazione attuale? <\/strong><\/p>\n<p>\u00c8 molto varia a seconda del settore. Nelle Casse Raiffeisen, la quota femminile \u00e8 aumentata costantemente negli anni, passando dal 9% del 2013 al 30% attuale, e sono pochi gli organi amministrativi in cui non sono presenti donne. Questo confortante incremento \u00e8 il frutto di una continua opera di sensibilizzazione, ma \u00e8 da ricondurre anche all\u2019intervento della vigilanza bancaria e della legge pi\u00f9 in generale: la nuova normativa regionale ha, infatti, introdotto obbligatoriamente la rappresentanza di genere, che prevede un numero minimo di donne nei consigli di amministrazione e di sorveglianza (in base alle dimensioni).<\/p>\n<div id=\"gtx-trans\" style=\"position: absolute; left: -60px; top: -16.5px;\">\n<div class=\"gtx-trans-icon\"><\/div>\n<\/div>\n<p>[\/vc_column_text][\/vc_column][vc_column width=&#8221;1\/2&#8243;][vc_column_text]<strong>Quindi, la quota femminile obbligatoria \u00e8 necessaria per stimolare il cambiamento? <\/strong><\/p>\n<p>La prassi dimostra che \u00e8 indispensabile per raggiungere un determinato standard: a mio avviso, \u00e8 uno strumento valido fino a quando un maggior numero di donne non sar\u00e0 disposto a candidarsi ed essere presente ai vertici di un\u2019organizzazione. Il management di una cooperativa dovrebbe essere rappresentativo dei propri membri: se la nostra societ\u00e0 \u00e8 mista, perch\u00e9 mai dev\u2019esserci questa netta separazione tra uomini e donne negli organismi di governo? In sostanza, si tratta di fare un buon lavoro, assumersi le proprie responsabilit\u00e0 e prendere decisioni per il raggiungimento di obiettivi comuni a beneficio dei soci.<\/p>\n<div id=\"gtx-trans\" style=\"position: absolute; left: -38px; top: 31.5px;\">\n<div class=\"gtx-trans-icon\"><\/div>\n<\/div>\n<p>[\/vc_column_text][\/vc_column][\/vc_row][vc_row][vc_column]<hr class=\"black-line\"\/><div class=\"ult-spacer\" style=\"height:30px;clear:both;display:block;\"><\/div>[\/vc_column][\/vc_row][vc_row][vc_column][vc_column_text]<strong>E qual \u00e8 la situazione nelle altre cooperative? <\/strong><\/p>\n<p>In quelle agricole, si contano poche donne \u201cal comando\u201d. Ci\u00f2 \u00e8 dovuto in parte a ragioni storiche e tradizionali: anche in questo caso, in collaborazione con le organizzazioni degli agricoltori, stiamo adottando iniziative per stimolare un cambiamento. Solo nelle cooperative sociali troviamo una situazione equilibrata, perch\u00e9 sono soprattutto le donne a svolgere professioni sociali e assistenziali.<\/p>\n<p>&nbsp;<\/p>\n<p><strong>Ritiene che la compatibilit\u00e0 tra famiglia e lavoro sia ancora il motivo principale che frena la presenza femminile negli organi direttivi? <\/strong><\/p>\n<p>Credo proprio di s\u00ec, seppure operare nei comitati esecutivi sia diventato pi\u00f9 oneroso, in termini di tempo e impegno, anche per gli uomini. Per le donne, la creazione di una famiglia e la cura dei figli sono importanti fattori decisionali. Anche se negli ultimi anni, a livello comunale, si sono compiuti grandi passi in tema di assistenza all\u2019infanzia, non \u00e8 ancora possibile contare su un servizio che copra l\u2019intera giornata e sulla dovuta flessibilit\u00e0. Inoltre, in Alto Adige, tra le generazioni meno giovani prevale ancora una distribuzione dei ruoli piuttosto tradizionale e specifica per genere, sia in famiglia che sul lavoro.<\/p>\n<div id=\"gtx-trans\" style=\"position: absolute; left: -27px; top: 223.5px;\">\n<div class=\"gtx-trans-icon\"><\/div>\n<\/div>\n<p>[\/vc_column_text][\/vc_column][\/vc_row][vc_row][vc_column]<hr class=\"black-line\"\/><div class=\"ult-spacer\" style=\"height:30px;clear:both;display:block;\"><\/div>[\/vc_column][\/vc_row][vc_row][vc_column width=&#8221;1\/2&#8243;][vc_column_text]<strong>Signora Schwarz, dal 2022 Lei \u00e8 vicepresidente della Federazione Raiffeisen e, in primavera, \u00e8 stata eletta presidente della Cassa Raiffeisen Etschtal, unica donna a livello provinciale a ricoprire questa carica. Come si trova in questi ruoli? <\/strong><\/p>\n<p>Si tratta di una grande sfida, che ho accettato con gioia ed entusiasmo, ma anche con molto rispetto. Ci\u00f2 che mi aiuta \u00e8 la certezza di avere il sostegno attivo degli organi gestionali e di tutti i miei collaboratori, ma anche la fiducia dei soci, attingendo nuova energia e coraggio dall\u2019esito positivo di una situazione difficile o dall\u2019individuazione di una via d\u2019uscita accettabile.<\/p>\n<p>&nbsp;<\/p>\n<p>[\/vc_column_text][\/vc_column][vc_column width=&#8221;1\/2&#8243;][vc_column_text]<strong>I colleghi maschi Le hanno mai messo i bastoni tra le ruote? Che consigli si sentirebbe di dare alle donne coinvolte? <\/strong><\/p>\n<p>In realt\u00e0 non ho subito colpi bassi, ma ovviamente \u00e8 importante non soppesare ogni parola o prenderla sul personale: non \u00e8 necessario dare ascolto a tutto ci\u00f2 che si sente (ride). In genere sono molto cauta nei consigli, ma credo che le donne dovrebbero semplicemente affrontare ogni questione con maggiore autostima, fiducia in se stesse e coraggio, senza cadere nella trappola del perfezionismo. <strong>Il mio suggerimento \u00e8 quello di \u201cfare e basta\u201d:<\/strong> chi affronta le cose con gioia, ottiene successo. Naturalmente \u00e8 richiesta una certa predisposizione al rischio, non essendo possibile prevedere e valutare in anticipo ogni circostanza. In ogni caso, quella di candidarsi a ricoprire una carica e dare il proprio contributo in un organo direttivo rimane una decisione personale.[\/vc_column_text][\/vc_column][\/vc_row][vc_row][vc_column]<hr class=\"black-line\"\/><div class=\"ult-spacer\" style=\"height:30px;clear:both;display:block;\"><\/div>[\/vc_column][\/vc_row][vc_row][vc_column][vc_column_text]<\/p>\n<p style=\"text-align: center;\"><strong>Per concludere l\u2019intervista, Le chiedo di completare la seguente frase: donne e leadership&#8230;<\/strong><\/p>\n<p style=\"text-align: center;\">&#8230; \u00e8 un binomio perfetto, direi!<\/p>\n<p>[\/vc_column_text]<div class=\"ult-spacer\" style=\"height:30px;clear:both;display:block;\"><\/div>[\/vc_column][\/vc_row][vc_row][vc_column width=&#8221;1\/2&#8243;][vc_single_image image=&#8221;11984&#8243; img_size=&#8221;full&#8221;][vc_column_text]<\/p>\n<p style=\"text-align: left;\"><span class=\"source-small\">Tre donne ai vertici della Cassa Raiffeisen Etschtal: da sx, la direttrice Susanne Huber, la presidente Paulina Schwarz ed Evelyn Reich, membro del collegio sindacale\u2002<\/span><\/p>\n<p>[\/vc_column_text][\/vc_column][vc_column width=&#8221;1\/2&#8243;][vc_column_text]<\/p>\n<h2>Paulina Schwarz \u2013 cenni biografici<\/h2>\n<ul>\n<li>\n<div>Nata e residente a Meltina<\/div>\n<\/li>\n<li>\n<div>Ha studiato Giurisprudenza a Bologna e Trento<\/div>\n<\/li>\n<li>\n<div>Per 8 anni, \u00e8 stata responsabile della sezione Edilizia presso apa-Confartigianato Imprese<\/div>\n<\/li>\n<li>\n<div>\u00c8 fondatrice e direttrice di PRONORM Consulting, societ\u00e0 di consulenza e servizi<\/div>\n<\/li>\n<li>\n<div>\u00c8 presente in vari organismi cooperativi<\/div>\n<\/li>\n<li>\n<div>Dal 2022, \u00e8 vice-presidente della Federazione Raiffeisen<\/div>\n<\/li>\n<li>\n<div>Dalla primavera 2023, \u00e8 presidente della Cassa Raiffeisen Etschtal<\/div>\n<\/li>\n<li>\n<div>Da ottobre, \u00e8 membro del cda e del direttivo dell&#8217;Unione Internazionale Raiffeisen<\/div>\n<\/li>\n<\/ul>\n<p>[\/vc_column_text][\/vc_column][\/vc_row]<\/p>\n","protected":false},"excerpt":{"rendered":"<p>[vc_row][vc_column][vc_column_text]Signora Schwarz, ci spiega perch\u00e9 \u00e8 stato fondato il gruppo di lavoro che presiede? Paulina Schwarz. Purtroppo, le donne sono ancora troppo poco rappresentate negli organi gestionali delle societ\u00e0 cooperative: per contrastare questa situazione, nel 2015, la Federazione ha istituito il gruppo di lavoro \u201cDonne alla guida delle cooperative\u201d. In stretta collaborazione con le organizzazioni [&hellip;]<\/p>\n","protected":false},"author":2,"featured_media":11975,"comment_status":"open","ping_status":"open","sticky":false,"template":"","format":"standard","meta":{"footnotes":""},"categories":[3,38],"tags":[62,64],"class_list":["post-12087","post","type-post","status-publish","format-standard","has-post-thumbnail","hentry","category-titelthema","category-a-colloquio","tag-interview","tag-interview-it"],"_links":{"self":[{"href":"https:\/\/magazin.raiffeisen.it\/it\/wp-json\/wp\/v2\/posts\/12087","targetHints":{"allow":["GET"]}}],"collection":[{"href":"https:\/\/magazin.raiffeisen.it\/it\/wp-json\/wp\/v2\/posts"}],"about":[{"href":"https:\/\/magazin.raiffeisen.it\/it\/wp-json\/wp\/v2\/types\/post"}],"author":[{"embeddable":true,"href":"https:\/\/magazin.raiffeisen.it\/it\/wp-json\/wp\/v2\/users\/2"}],"replies":[{"embeddable":true,"href":"https:\/\/magazin.raiffeisen.it\/it\/wp-json\/wp\/v2\/comments?post=12087"}],"version-history":[{"count":12,"href":"https:\/\/magazin.raiffeisen.it\/it\/wp-json\/wp\/v2\/posts\/12087\/revisions"}],"predecessor-version":[{"id":12105,"href":"https:\/\/magazin.raiffeisen.it\/it\/wp-json\/wp\/v2\/posts\/12087\/revisions\/12105"}],"wp:featuredmedia":[{"embeddable":true,"href":"https:\/\/magazin.raiffeisen.it\/it\/wp-json\/wp\/v2\/media\/11975"}],"wp:attachment":[{"href":"https:\/\/magazin.raiffeisen.it\/it\/wp-json\/wp\/v2\/media?parent=12087"}],"wp:term":[{"taxonomy":"category","embeddable":true,"href":"https:\/\/magazin.raiffeisen.it\/it\/wp-json\/wp\/v2\/categories?post=12087"},{"taxonomy":"post_tag","embeddable":true,"href":"https:\/\/magazin.raiffeisen.it\/it\/wp-json\/wp\/v2\/tags?post=12087"}],"curies":[{"name":"wp","href":"https:\/\/api.w.org\/{rel}","templated":true}]}}