{"id":11945,"date":"2023-08-07T00:22:28","date_gmt":"2023-08-06T22:22:28","guid":{"rendered":"https:\/\/magazin.raiffeisen.it\/?p=11945"},"modified":"2023-08-04T12:19:01","modified_gmt":"2023-08-04T10:19:01","slug":"tour-sulla-punta-di-lasa","status":"publish","type":"post","link":"https:\/\/magazin.raiffeisen.it\/it\/tour-sulla-punta-di-lasa\/","title":{"rendered":"Tour sulla Punta di Lasa"},"content":{"rendered":"<p>[vc_row][vc_column width=&#8221;1\/3&#8243;][vc_column_text]<\/p>\n<h2 class=\"p1 h2-lines\">Dati del tour<\/h2>\n<p><strong>Lunghezza:<\/strong> 15 km<br \/>\n<strong>Tempo di percorrenza:<\/strong> 7:10\u2009h<br \/>\n<strong>Salita:<\/strong> 1.439\u2009m<br \/>\n<strong>Discesa:<\/strong> 1.438 m<br \/>\n<strong>Grado di difficolt\u00e0:<\/strong>\u00a0media<\/p>\n<p>&nbsp;<\/p>\n<p><a href=\"https:\/\/www.alpenvereinaktiv.com\/de\/tour\/laaser-orgelspitze\/801127028\/\" target=\"_blank\" rel=\"noopener\">Il tour per iPhone e Android\u2002<\/a>[\/vc_column_text][vc_column_text]<\/p>\n<hr class=\"green-line\" \/>\n<p>[\/vc_column_text][\/vc_column][vc_column width=&#8221;1\/3&#8243;][vc_column_text]<\/p>\n<h2 class=\"p1 h2-lines\">Descrizione del percorso<\/h2>\n<p>Il punto di partenza \u00e8 il parcheggio del Maso Stallwies. Il sentiero n.\u20095 conduce alla vetta, da cui si scende per proseguire sul n.\u20095a e n.\u200934 fino a Malga Schluder. Sull\u2019Alta Via di Martello (segnavia n.\u20098), si fa ritorno a Maso Stallwies.[\/vc_column_text][vc_column_text]<\/p>\n<hr class=\"green-line\" \/>\n<p>[\/vc_column_text][\/vc_column][vc_column width=&#8221;1\/3&#8243;][vc_column_text]<\/p>\n<h2 class=\"h2-lines\">guida naturalistico<\/h2>\n<p>\u201cIn Val Martello, non si deve mai dimenticare di guardare verso il cielo: con un pizzico di fortuna, infatti, si pu\u00f2 scorgere un gipeto che volteggia in quota\u201d<\/p>\n<p>&nbsp;<\/p>\n<p>Guida naturalistico Olav Lutz, <a href=\"mailto:olav.lutz@rolmail.net\" target=\"_blank\" rel=\"noopener noreferrer\">olav.lutz@rolmail.net<\/a>[\/vc_column_text][vc_column_text]<\/p>\n<hr class=\"green-line\" \/>\n<p>[\/vc_column_text][\/vc_column][\/vc_row][vc_row][vc_column]<div class=\"ult-spacer\" style=\"height:35px;clear:both;display:block;\"><\/div>[\/vc_column][\/vc_row][vc_row full_width=&#8221;stretch_row_content&#8221; bg_type=&#8221;image&#8221; bg_override=&#8221;full&#8221; el_class=&#8221;hidden-phone&#8221; gmbt_prlx_bg_type=&#8221;parallax&#8221; gmbt_prlx_break_parents=&#8221;0&#8243; gmbt_prlx_opacity=&#8221;100&#8243; gmbt_prlx_video_aspect_ratio=&#8221;16:9&#8243; gmbt_prlx_parallax=&#8221;none&#8221; gmbt_prlx_speed=&#8221;0.3&#8243;][vc_column]<div class='gambit_parallax_row' data-bg-align='' data-direction='fixed' data-opacity='100' data-velocity='-0.3' data-mobile-enabled='' data-bg-height='800' data-bg-width='1200' data-bg-image='https:\/\/magazin.raiffeisen.it\/wp-content\/uploads\/2023\/07\/Raiffeisen-Wandertipp-Laaser-Spitze-2.jpg' data-bg-repeat='true' style='display: none'><\/div><div class=\"ult-spacer\" style=\"height:350px;clear:both;display:block;\"><\/div>[vc_column_text]<\/p>\n<div class=\"image-subtext-white\">\n<p class=\"p1\">\u2002Vista sul Lorchenwand<\/p>\n<\/div>\n<p>[\/vc_column_text]<div class=\"ult-spacer\" style=\"height:10px;clear:both;display:block;\"><\/div>[\/vc_column][vc_column][\/vc_column][\/vc_row][vc_row el_class=&#8221;visible-phone&#8221; gmbt_prlx_bg_type=&#8221;parallax&#8221; gmbt_prlx_break_parents=&#8221;0&#8243; gmbt_prlx_opacity=&#8221;100&#8243; gmbt_prlx_video_aspect_ratio=&#8221;16:9&#8243; gmbt_prlx_parallax=&#8221;none&#8221; gmbt_prlx_speed=&#8221;0.3&#8243;][vc_column][vc_single_image image=&#8221;11803&#8243; img_size=&#8221;full&#8221; alignment=&#8221;center&#8221;][\/vc_column][\/vc_row][vc_row][vc_column]<div class=\"ult-spacer\" style=\"height:35px;clear:both;display:block;\"><\/div>[\/vc_column][\/vc_row][vc_row][vc_column][vc_column_text]L\u2019estate \u00e8 la stagione delle escursioni: questa ha inizio nella splendida Val Martello, circondata da cime oltre i tremila metri. Il punto di partenza \u00e8 il Maso Stallwies, da cui seguiamo le indicazioni per la Punta di Lasa. Accanto al vecchio mulino ad acqua, il sentiero n.\u20095 sale attraverso radi lariceti. Attenzione, dopo circa 15\u2009min. raggiungiamo un bivio, dove \u00e8 facile sbagliare: dobbiamo tenere sempre la sinistra, senza mai svoltare a destra. A mano a mano che ci avviciniamo al limite boschivo, il pendio si fa sempre pi\u00f9 ripido. Nonostante sia una zona arida, ci imbattiamo di continuo in abbeveratoi con fresca acqua sorgiva. A causa dell\u2019esposizione a sud del tracciato \u2013 e questo \u00e8 anche il motivo per cui su questa pendice il ghiacciaio \u00e8 scomparso &#8211; l\u2019ascesa nelle giornate pi\u00f9 calde \u00e8 molto faticosa.[\/vc_column_text][vc_column_text]<\/p>\n<h3 class=\"p2\">Splendida vista sul mondo alpino<\/h3>\n<p class=\"p2\">La croce di vetta ci saluta in lontananza e, una volta in cima, possiamo goderci la splendida vista sulle pi\u00f9 belle montagne della Val Venosta, come il Gruppo dell\u2019Ortles e, alle sue spalle, i ghiacciai della \u00d6tztal, chiedendoci per quanto a lungo potremo ammirarle. Continuando a scendere, imbocchiamo il sentiero n. 5a in Val di Sluder (Schludertal). Questo percorso \u00e8 poco frequentato, perch\u00e9 privo di ristori e piuttosto ripido. Ma essendo proprio la pace e la tranquillit\u00e0 ci\u00f2 che cerchiamo, non ne siamo delusi: a parte il bestiame, non incontriamo nessuno. Con un pizzico di fortuna, \u00e8 possibile scorgere un gipeto che volteggia nell\u2019aria.<\/p>\n<p>&nbsp;<\/p>\n<p class=\"p2\">Il sentiero n. 5a sfocia nel n. 34. sopra Malga Schluder, la panoramica Alta Via di Martello (n. 8) ci riconduce al <a href=\"https:\/\/www.stallwies.com\/it\/ristorante\/\" target=\"_blank\" rel=\"noopener\">Maso Stallwies<\/a>, dove una sosta \u00e8 un must assoluto, perch\u00e9 la cucina offre molti piatti fatti in casa. Ricompensiamo la fatica con una deliziosa fetta di torta, recuperando le calorie bruciate. Conclusione: pur essendo molto gratificante, l\u2019escursione richiede passo sicuro e buone condizioni fisiche.<\/p>\n<p>[\/vc_column_text][\/vc_column][\/vc_row]<\/p>\n","protected":false},"excerpt":{"rendered":"<p>[vc_row][vc_column width=&#8221;1\/3&#8243;][vc_column_text] Dati del tour Lunghezza: 15 km Tempo di percorrenza: 7:10\u2009h Salita: 1.439\u2009m Discesa: 1.438 m Grado di difficolt\u00e0:\u00a0media &nbsp; Il tour per iPhone e Android\u2002[\/vc_column_text][vc_column_text] [\/vc_column_text][\/vc_column][vc_column width=&#8221;1\/3&#8243;][vc_column_text] Descrizione del percorso Il punto di partenza \u00e8 il parcheggio del Maso Stallwies. Il sentiero n.\u20095 conduce alla vetta, da cui si scende per proseguire sul [&hellip;]<\/p>\n","protected":false},"author":2,"featured_media":11802,"comment_status":"open","ping_status":"open","sticky":false,"template":"","format":"standard","meta":{"footnotes":""},"categories":[3,68],"tags":[71],"class_list":["post-11945","post","type-post","status-publish","format-standard","has-post-thumbnail","hentry","category-titelthema","category-consigli-e-svago","tag-suggerimento-di-escursione"],"_links":{"self":[{"href":"https:\/\/magazin.raiffeisen.it\/it\/wp-json\/wp\/v2\/posts\/11945","targetHints":{"allow":["GET"]}}],"collection":[{"href":"https:\/\/magazin.raiffeisen.it\/it\/wp-json\/wp\/v2\/posts"}],"about":[{"href":"https:\/\/magazin.raiffeisen.it\/it\/wp-json\/wp\/v2\/types\/post"}],"author":[{"embeddable":true,"href":"https:\/\/magazin.raiffeisen.it\/it\/wp-json\/wp\/v2\/users\/2"}],"replies":[{"embeddable":true,"href":"https:\/\/magazin.raiffeisen.it\/it\/wp-json\/wp\/v2\/comments?post=11945"}],"version-history":[{"count":3,"href":"https:\/\/magazin.raiffeisen.it\/it\/wp-json\/wp\/v2\/posts\/11945\/revisions"}],"predecessor-version":[{"id":11948,"href":"https:\/\/magazin.raiffeisen.it\/it\/wp-json\/wp\/v2\/posts\/11945\/revisions\/11948"}],"wp:featuredmedia":[{"embeddable":true,"href":"https:\/\/magazin.raiffeisen.it\/it\/wp-json\/wp\/v2\/media\/11802"}],"wp:attachment":[{"href":"https:\/\/magazin.raiffeisen.it\/it\/wp-json\/wp\/v2\/media?parent=11945"}],"wp:term":[{"taxonomy":"category","embeddable":true,"href":"https:\/\/magazin.raiffeisen.it\/it\/wp-json\/wp\/v2\/categories?post=11945"},{"taxonomy":"post_tag","embeddable":true,"href":"https:\/\/magazin.raiffeisen.it\/it\/wp-json\/wp\/v2\/tags?post=11945"}],"curies":[{"name":"wp","href":"https:\/\/api.w.org\/{rel}","templated":true}]}}