{"id":11094,"date":"2022-12-12T00:27:10","date_gmt":"2022-12-11T22:27:10","guid":{"rendered":"https:\/\/magazin.raiffeisen.it\/?p=11094"},"modified":"2022-12-06T15:40:46","modified_gmt":"2022-12-06T13:40:46","slug":"una-migliore-tutela-per-gli-amanti-degli-sport-invernali","status":"publish","type":"post","link":"https:\/\/magazin.raiffeisen.it\/it\/una-migliore-tutela-per-gli-amanti-degli-sport-invernali\/","title":{"rendered":"Una migliore tutela per gli amanti degli sport invernali"},"content":{"rendered":"<p>[vc_row][vc_column][vc_column_text]Il nuovo decreto sugli sport invernali (D.lgs. 40\/2021) punta ad accrescere la sicurezza nella pratica di vari sport invernali. D\u2019ora in avanti, gli infortuni che si verificheranno sulle piste saranno coperti dall\u2019assicurazione della respon- sabilit\u00e0 civile obbligatoria, che ridurr\u00e0 cos\u00ec i rischi finanziari a carico di chi \u00e8 responsabile dell\u2019incidente. Inoltre, i minori devono indossare un casco protettivo. L\u2019obbligo di stipulare una polizza non interessa solo gli sciatori, ma pi\u00f9 in generale tutti gli sportivi che accedono alle piste, compresi slittinisti, escursionisti con le ciaspole e scialpinisti che ritornano a fondovalle.[\/vc_column_text][\/vc_column][\/vc_row][vc_row][vc_column width=&#8221;1\/2&#8243;][vc_column_text]<\/p>\n<h3>Responsabilit\u00e0 civile, un must per tutti<\/h3>\n<p>&nbsp;<\/p>\n<p><strong>La stipula di <a href=\"http:\/\/www.rvd.bz.it\/it\/vita-privata\/responsabilita-civile\/polizza-responsabilita-civile-privata.html\" target=\"_blank\" rel=\"noopener\">un\u2019assicurazione r.c.<\/a> \u00e8 indispensabile. \u201cPoich\u00e9 copre rischi che possono mettere a repentaglio il sostentamento personale, \u00e8 una delle polizze di base che dovrebbero avere tutti, non solo gli sportivi\u201d, ci spiega Werner M\u00fcller, consulente di Raiff- eisen Servizi Assicurativi.<\/strong> Molti clienti Raiffeisen dispongono gi\u00e0 di questa importante forma di tutela e possono quindi accedere alle piste senza problemi. La garanzia \u201cRC della vita privata\u201d \u00e8 inclusa nelle polizze multirischi del gruppo assicurativo Assimoco che coprono i rischi gravanti sull\u2019abitazione e la famiglia, ma anche in quelle che tutelano le aziende agricole. Per i nuclei familiari, in particolare, M\u00fcller raccomanda di scegliere un massi-male di almeno due milioni di euro, tenendo sempre conto della situazione personale. \u201cSuggerisco inoltre a tutti gli sportivi di stipulare un\u2019assicurazione contro gli infor-tuni\u201d, aggiunge M\u00fcller, \u201cperch\u00e9 un incidente sulle piste pu\u00f2 avere conseguenze durevoli sulla salute e comportare gravi oneri finanziari, di cui si farebbe carico la polizza privata\u201d.[\/vc_column_text][\/vc_column][vc_column width=&#8221;1\/2&#8243;][vc_column_text]<\/p>\n<h3>Novit\u00e0: assicurazione Raiffeisen della responsabilit\u00e0 civile per gli sciatori<\/h3>\n<p>&nbsp;<\/p>\n<p>\u201cAnche se la polizza r.c., in linea generale, non \u00e8 obbligatoria per legge, \u00e8 un\u2019assicurazione basilare e quindi \u00e8 sempre consigliabile stipularla come contratto a ricorrenza annuale\u201d, ci ricorda il consulente M\u00fcller. Chi non dispone di una copertura assicurativa per la respon-sabilit\u00e0 civile, da dicembre pu\u00f2 tuttavia sottoscrivere la polizza obbligatoria per gli sport invernali como-damente online tramite la Raiffeisen-App. <strong>La nuova \u201cRC sciatore Raiffeisen\u201d del Gruppo Assimoco pu\u00f2 essere sottoscritta anche per un periodo di tempo limitato, ad es. su base giornaliera.<\/strong><\/p>\n<div id=\"gtx-trans\" style=\"position: absolute; left: 245px; top: 291.531px;\">\n<div class=\"gtx-trans-icon\"><\/div>\n<\/div>\n<p>[\/vc_column_text][\/vc_column][\/vc_row][vc_row][vc_column][vc_column_text]<\/p>\n<h2>Attestazione dell\u2019assicurazione<\/h2>\n<p><strong>La Cassa Raiffeisen in loco pu\u00f2 certificare l\u2019esistenza di una copertura assicurativa della responsabilit\u00e0 civile.<\/strong> Tale attestazione pu\u00f2 essere rilasciata a tutti gli sportivi, a condizione che abbiano attivato la garanzia \u201cRC della vita privata\u201d e saldato il premio per l\u2019anno in corso.<\/p>\n<div id=\"gtx-trans\" style=\"position: absolute; left: 131px; top: 122.797px;\">\n<div class=\"gtx-trans-icon\"><\/div>\n<\/div>\n<p>[\/vc_column_text]<hr class=\"black-line\"\/>[\/vc_column][\/vc_row]<\/p>\n","protected":false},"excerpt":{"rendered":"<p>[vc_row][vc_column][vc_column_text]Il nuovo decreto sugli sport invernali (D.lgs. 40\/2021) punta ad accrescere la sicurezza nella pratica di vari sport invernali. D\u2019ora in avanti, gli infortuni che si verificheranno sulle piste saranno coperti dall\u2019assicurazione della respon- sabilit\u00e0 civile obbligatoria, che ridurr\u00e0 cos\u00ec i rischi finanziari a carico di chi \u00e8 responsabile dell\u2019incidente. Inoltre, i minori devono indossare [&hellip;]<\/p>\n","protected":false},"author":2,"featured_media":11087,"comment_status":"open","ping_status":"open","sticky":false,"template":"","format":"standard","meta":{"footnotes":""},"categories":[32],"tags":[52],"class_list":["post-11094","post","type-post","status-publish","format-standard","has-post-thumbnail","hentry","category-denaro-co","tag-assicurazione"],"_links":{"self":[{"href":"https:\/\/magazin.raiffeisen.it\/it\/wp-json\/wp\/v2\/posts\/11094","targetHints":{"allow":["GET"]}}],"collection":[{"href":"https:\/\/magazin.raiffeisen.it\/it\/wp-json\/wp\/v2\/posts"}],"about":[{"href":"https:\/\/magazin.raiffeisen.it\/it\/wp-json\/wp\/v2\/types\/post"}],"author":[{"embeddable":true,"href":"https:\/\/magazin.raiffeisen.it\/it\/wp-json\/wp\/v2\/users\/2"}],"replies":[{"embeddable":true,"href":"https:\/\/magazin.raiffeisen.it\/it\/wp-json\/wp\/v2\/comments?post=11094"}],"version-history":[{"count":3,"href":"https:\/\/magazin.raiffeisen.it\/it\/wp-json\/wp\/v2\/posts\/11094\/revisions"}],"predecessor-version":[{"id":11097,"href":"https:\/\/magazin.raiffeisen.it\/it\/wp-json\/wp\/v2\/posts\/11094\/revisions\/11097"}],"wp:featuredmedia":[{"embeddable":true,"href":"https:\/\/magazin.raiffeisen.it\/it\/wp-json\/wp\/v2\/media\/11087"}],"wp:attachment":[{"href":"https:\/\/magazin.raiffeisen.it\/it\/wp-json\/wp\/v2\/media?parent=11094"}],"wp:term":[{"taxonomy":"category","embeddable":true,"href":"https:\/\/magazin.raiffeisen.it\/it\/wp-json\/wp\/v2\/categories?post=11094"},{"taxonomy":"post_tag","embeddable":true,"href":"https:\/\/magazin.raiffeisen.it\/it\/wp-json\/wp\/v2\/tags?post=11094"}],"curies":[{"name":"wp","href":"https:\/\/api.w.org\/{rel}","templated":true}]}}