{"id":10607,"date":"2022-06-13T00:28:24","date_gmt":"2022-06-12T22:28:24","guid":{"rendered":"https:\/\/magazin.raiffeisen.it\/?p=10607"},"modified":"2022-06-01T11:22:39","modified_gmt":"2022-06-01T09:22:39","slug":"protezione-in-caso-di-intemperie","status":"publish","type":"post","link":"https:\/\/magazin.raiffeisen.it\/it\/protezione-in-caso-di-intemperie\/","title":{"rendered":"Protezione in caso di intemperie"},"content":{"rendered":"<p>[vc_row][vc_column][vc_column_text]<\/p>\n<p class=\"p1\"><span class=\"s1\">A causa del cambiamento climatico, le intemperie sono in aumento. Se di regola arrecano solo danni localizzati di piccola o media entit\u00e0, nel corso di un anno possono assommarsi fino a cifre considerevoli. <\/span><span class=\"s2\">Nel 2021, i sinistri liquidati da <a href=\"http:\/\/www.rvd.bz.it\/it.html\" target=\"_blank\" rel=\"noopener\">Raiffeisen Servizi Assicurativi<\/a> sono aumentati del 20% a 46 milioni di euro,<\/span><span class=\"s1\"> anche a causa dell\u2019incremento dei sinistri dovuti al maltempo, come spiega Jos\u00e8 Daniel Pioner, responsabile dell\u2019ufficio sinistri di Raiffeisen Servizi Assicurativi \u2013 <a href=\"https:\/\/www.assimoco.it\/assimoco\/home.html\" target=\"_blank\" rel=\"noopener\">Assimoco<\/a> di Bolzano.<\/span><\/p>\n<p>[\/vc_column_text][\/vc_column][\/vc_row][vc_row][vc_column width=&#8221;1\/2&#8243;][vc_column_text]<\/p>\n<p class=\"p1\"><strong><span class=\"s1\">Signor Pioner, esiste una protezione generale contro gli eventi naturali?<\/span><\/strong><\/p>\n<p class=\"p2\"><span class=\"s2 interview\">Jos\u00e8 Daniel Pioner.<\/span><span class=\"s3\"> Sebbene gli eventi meteorologici e le calamit\u00e0 naturali possano diventare una seria minaccia finanziaria per gli individui e le imprese, non esiste un\u2019assicurazione indipendente e onnicomprensiva che possa tutelare da tutti questi rischi. <\/span><span class=\"s4\">Di solito, sono coperti solo alcuni di essi,<\/span><span class=\"s3\"> come la tempesta e la grandine, con l\u2019esclusione di tutti gli altri. Inoltre, i pericoli naturali interessano diversi comparti assicurativi, dagli immobili agli arredi domestici, dall\u2019autovettura all\u2019agricoltura, fino all\u2019interruzione dell\u2019attivit\u00e0 aziendali, agli eventi o alla fuoriuscita di acqua. <\/span><\/p>\n<p>[\/vc_column_text][\/vc_column][vc_column width=&#8221;1\/2&#8243;][vc_column_text]<strong>Quali sono i danni da intemperie che vengono risarciti?<\/strong><\/p>\n<p class=\"p2\"><span class=\"s2\">Le compagnie liquidano i danni se il sinistro <\/span><span class=\"s3\">non era prevedibile e si \u00e8 verificato improvvi<\/span><span class=\"s2\">samente a causa del rischio assicurato. <\/span><span class=\"s4\"> I tetti danneggiati da una tempesta o dalla pressione della neve o le conseguenze dell\u2019acqua penetrata dopo un temporale sono coperti dalle garanzie della nostra polizza sulla casa. D\u2019altra parte, i sinistri causati da difetti strutturali o manutenzione trascurata, che emergono solo durante il maltempo, non contano come danni da intemperie e non saranno risarciti. Se l\u2019auto \u00e8 colpita dalla grandine, che lascia ammaccature sulla carrozzeria, \u00e8 sempre protetta se \u00e8 stata attivata la corrispondente garanzia.<\/span><\/p>\n<p>[\/vc_column_text][\/vc_column][\/vc_row][vc_row][vc_column][vc_column_text]<\/p>\n<hr class=\"black-line\" \/>\n<p>[\/vc_column_text][vc_column_text]<\/p>\n<p class=\"p1\"><strong><span class=\"s1\">Come ci si deve comportare in caso di sinistro?<\/span><\/strong><\/p>\n<p class=\"p2\"><span class=\"s2\">La regola generale prevede di adottare immediatamente tutte le misure possibili per minimizzare il danno, allertando se necessario le forze dell\u2019ordine o i Vigili del Fuoco. Inoltre, meglio documentare il sinistro con foto o video e informare la compagnia in maniera esaustiva il pi\u00f9 rapidamente possibile. <\/span><\/p>\n<p class=\"p2\"><span class=\"s3\">In caso di fuoriuscita di acqua, per esempio, \u00e8 importante raccoglierla subito, rimuovere i tappeti bagnati e assicurarsi che i locali siano ben ventilati. Pu\u00f2 essere utile fare un elenco dei danni subiti: gli oggetti danneggiati devono essere conservati fino all\u2019evasione del sinistro.<\/span><\/p>\n<p>[\/vc_column_text][\/vc_column][\/vc_row][vc_row][vc_column]<div class=\"ult-spacer\" style=\"height:35px;clear:both;display:block;\"><\/div>[\/vc_column][\/vc_row][vc_row][vc_column][vc_column_text]<\/p>\n<h2 class=\"p1 h2-lines\"><span class=\"s1\">Una protezione per te e per l\u2019ambiente<\/span><\/h2>\n<p class=\"p1\" style=\"text-align: center;\"><strong><span class=\"s1\">Misure Raiffeisen a tutela del clima<\/span><\/strong><\/p>\n<p>[\/vc_column_text][\/vc_column][\/vc_row][vc_row][vc_column width=&#8221;1\/3&#8243;][vc_column_text]<\/p>\n<p class=\"p1\"><span class=\"s1 interview\"> Copertura assicurativa per le nuove tecnologie di adeguamento al cambiamento climatico:<\/span><\/p>\n<p class=\"p1\"><span class=\"s2\">Raiffeisen assicura i produttori di energia verde (centrali elettriche domestiche e impianti di teleriscaldamento)<\/span><\/p>\n<p>[\/vc_column_text][\/vc_column][vc_column width=&#8221;1\/3&#8243;][vc_column_text]<\/p>\n<p class=\"p1\"><span class=\"s1 interview\">Considerazione degli aspetti ambientali negli investimenti: <\/span><\/p>\n<p class=\"p1\"><span class=\"s2\">tutti i prodotti assicurativi di AssimocoVita sono allineati alle linee guida ESG.<\/span><\/p>\n<p>[\/vc_column_text][\/vc_column][vc_column width=&#8221;1\/3&#8243;][vc_column_text]<\/p>\n<p class=\"p1\"><span class=\"s2 interview\">Rapporto sul bene comune: <\/span><\/p>\n<p class=\"p1\"><span class=\"s1\">in quanto Societ\u00e0 Benefit, <a href=\"http:\/\/www.rvd.bz.it\/it.html\" target=\"_blank\" rel=\"noopener\">Raiffeisen Servizi Assicurativi<\/a> misura annualmente il suo impatto sulla societ\u00e0 e sull\u2019ambiente attraverso un elaborato processo di auditing.<\/span><\/p>\n<p>[\/vc_column_text][\/vc_column][\/vc_row][vc_row][vc_column][vc_column_text]<\/p>\n<p class=\"p1\"><span class=\"s1 interview\"> Fornitura di servizi <\/span><\/p>\n<ul>\n<li class=\"p2\"><strong><span class=\"s3\">Assistenza immediata in caso di pericoli naturali<\/span><\/strong><span class=\"s2\"> per gli assicurati Raiffeisen: la garanzia \u201ccalamit\u00e0 naturali\u201d integra la copertura esistente dell\u2019assicurazione domestica di <a href=\"https:\/\/www.assimoco.it\/assimoco\/home.html\" target=\"_blank\" rel=\"noopener\">Assimoco<\/a>, entrando in vigore <\/span><strong><span class=\"s3\">senza costi aggiuntivi<\/span><\/strong><span class=\"s2\"> e automaticamente per tutti i clienti con un massimale di 10.000 euro.<\/span><\/li>\n<li class=\"p2\"><strong><span class=\"s3\">Minimizzazione dei danni<\/span><\/strong><span class=\"s2\"> attraverso la deumidificazione professionale degli edifici in caso di sinistri causati dall\u2019acqua o la rimozione degli odori in caso di danni riconducibili a incendio, tramite la collaborazione con aziende specializzate.<\/span><\/li>\n<\/ul>\n<p>[\/vc_column_text][vc_column_text]<\/p>\n<p class=\"p1\" style=\"text-align: center;\"><span class=\"s1 interview\">Assicurazione e previdenza privata con Raiffeisen nel segno della sostenibilit\u00e0 e dell\u2019etica. Con la sua attivit\u00e0, <a href=\"http:\/\/www.rvd.bz.it\/it.html\" target=\"_blank\" rel=\"noopener\">Raiffeisen Servizi Assicurativi<\/a> d\u00e0 un contributo alla tutela dell\u2019ambiente e della societ\u00e0<\/span><\/p>\n<p>[\/vc_column_text][vc_column_text]<\/p>\n<hr class=\"green-line\" \/>\n<p>[\/vc_column_text][\/vc_column][\/vc_row]<\/p>\n","protected":false},"excerpt":{"rendered":"<p>[vc_row][vc_column][vc_column_text] A causa del cambiamento climatico, le intemperie sono in aumento. Se di regola arrecano solo danni localizzati di piccola o media entit\u00e0, nel corso di un anno possono assommarsi fino a cifre considerevoli. Nel 2021, i sinistri liquidati da Raiffeisen Servizi Assicurativi sono aumentati del 20% a 46 milioni di euro, anche a causa [&hellip;]<\/p>\n","protected":false},"author":2,"featured_media":10538,"comment_status":"open","ping_status":"open","sticky":false,"template":"","format":"standard","meta":{"footnotes":""},"categories":[3,32],"tags":[52],"class_list":["post-10607","post","type-post","status-publish","format-standard","has-post-thumbnail","hentry","category-titelthema","category-denaro-co","tag-assicurazione"],"_links":{"self":[{"href":"https:\/\/magazin.raiffeisen.it\/it\/wp-json\/wp\/v2\/posts\/10607","targetHints":{"allow":["GET"]}}],"collection":[{"href":"https:\/\/magazin.raiffeisen.it\/it\/wp-json\/wp\/v2\/posts"}],"about":[{"href":"https:\/\/magazin.raiffeisen.it\/it\/wp-json\/wp\/v2\/types\/post"}],"author":[{"embeddable":true,"href":"https:\/\/magazin.raiffeisen.it\/it\/wp-json\/wp\/v2\/users\/2"}],"replies":[{"embeddable":true,"href":"https:\/\/magazin.raiffeisen.it\/it\/wp-json\/wp\/v2\/comments?post=10607"}],"version-history":[{"count":4,"href":"https:\/\/magazin.raiffeisen.it\/it\/wp-json\/wp\/v2\/posts\/10607\/revisions"}],"predecessor-version":[{"id":10611,"href":"https:\/\/magazin.raiffeisen.it\/it\/wp-json\/wp\/v2\/posts\/10607\/revisions\/10611"}],"wp:featuredmedia":[{"embeddable":true,"href":"https:\/\/magazin.raiffeisen.it\/it\/wp-json\/wp\/v2\/media\/10538"}],"wp:attachment":[{"href":"https:\/\/magazin.raiffeisen.it\/it\/wp-json\/wp\/v2\/media?parent=10607"}],"wp:term":[{"taxonomy":"category","embeddable":true,"href":"https:\/\/magazin.raiffeisen.it\/it\/wp-json\/wp\/v2\/categories?post=10607"},{"taxonomy":"post_tag","embeddable":true,"href":"https:\/\/magazin.raiffeisen.it\/it\/wp-json\/wp\/v2\/tags?post=10607"}],"curies":[{"name":"wp","href":"https:\/\/api.w.org\/{rel}","templated":true}]}}