{"id":10494,"date":"2022-04-08T00:22:20","date_gmt":"2022-04-07T22:22:20","guid":{"rendered":"https:\/\/magazin.raiffeisen.it\/?p=10494"},"modified":"2022-04-06T12:09:56","modified_gmt":"2022-04-06T10:09:56","slug":"da-terlano-a-silberleiten-passando-per-montigl","status":"publish","type":"post","link":"https:\/\/magazin.raiffeisen.it\/it\/da-terlano-a-silberleiten-passando-per-montigl\/","title":{"rendered":"Da Terlano a Silberleiten, passando per Montigl"},"content":{"rendered":"<p>[vc_row][vc_column width=&#8221;1\/3&#8243;][vc_column_text]<\/p>\n<h2 class=\"p1 h2-lines\"><span class=\"s1\">DATI DEL TOUR<\/span><\/h2>\n<p><strong>Lunghezza:<\/strong> 13,4\u2009km<\/p>\n<p><strong>Tempo di percorrenza:<\/strong> 5.30\u2009h<\/p>\n<p><strong>Salita:<\/strong> 835\u2009m<\/p>\n<p><strong>Discesa:<\/strong> 834\u2009m<\/p>\n<p><strong>Grado di difficolt\u00e0:<\/strong> medio<\/p>\n<p>&nbsp;<\/p>\n<p><a href=\"https:\/\/www.alpenvereinaktiv.com\/it\/tour\/terlan-montigl-grumerwaende-silberleiten\/58115212\/\" target=\"_blank\" rel=\"noopener\">Il tour per iPhone e Android<\/a>[\/vc_column_text][vc_column_text]<\/p>\n<hr class=\"green-line\" \/>\n<p>[\/vc_column_text][\/vc_column][vc_column width=&#8221;1\/3&#8243;][vc_column_text]<\/p>\n<h2 class=\"h2-lines\">Descrizione del percorso<\/h2>\n<p>Dal parcheggio della \u201cCasa della Mela\u201d a Terlano raggiungiamo le rovine di Castel Casanova sul sentiero n. 3 e proseguiamo per Montigl fino al maso abbandonato Wegscheiderhof. Il resto del percorso segue il sentiero n. 8b fino alla Locanda Bergjosl e il sentiero asfaltato fino alla strada per Meltina. Il n. 4 scende a Unterlegar, mentre il 4a (dalla fermata dell\u2019autobus) fa ritorno a Terlano.[\/vc_column_text][vc_column_text]<\/p>\n<hr class=\"green-line\" \/>\n<p>[\/vc_column_text][\/vc_column][vc_column width=&#8221;1\/3&#8243;][vc_column_text]<\/p>\n<h2 class=\"h2-lines\">GUIDA NATURALISTICA E PAESAGGISTICA<\/h2>\n<p>\u201cIl tour esplorativo delle rovine di Castel Casanova \u00e8 davvero emozionante. All\u2019ingresso \u00e8 collocata una lastra che facilita l\u2019orientamento.\u201d<\/p>\n<p>&nbsp;<\/p>\n<p>Olav Lutz, guida naturalistica-paesaggistica,\u00a0<a href=\"mailto:olav.lutz@rolmail.net\" target=\"_blank\" rel=\"noopener noreferrer\">olav.lutz@rolmail.net<\/a>[\/vc_column_text][vc_column_text]<\/p>\n<hr class=\"green-line\" \/>\n<p>[\/vc_column_text][\/vc_column][\/vc_row][vc_row][vc_column]<div class=\"ult-spacer\" style=\"height:35px;clear:both;display:block;\"><\/div>[\/vc_column][\/vc_row][vc_row full_width=&#8221;stretch_row_content&#8221; bg_type=&#8221;image&#8221; bg_override=&#8221;full&#8221; el_class=&#8221;hidden-phone&#8221; gmbt_prlx_bg_type=&#8221;parallax&#8221; gmbt_prlx_break_parents=&#8221;0&#8243; gmbt_prlx_opacity=&#8221;100&#8243; gmbt_prlx_video_aspect_ratio=&#8221;16:9&#8243; gmbt_prlx_parallax=&#8221;none&#8221; gmbt_prlx_speed=&#8221;0.3&#8243;][vc_column]<div class='gambit_parallax_row' data-bg-align='' data-direction='fixed' data-opacity='100' data-velocity='-0.3' data-mobile-enabled='' data-bg-height='800' data-bg-width='1200' data-bg-image='https:\/\/magazin.raiffeisen.it\/wp-content\/uploads\/2022\/04\/Raiffeisen-Blick-ueber-Terlan.jpg' data-bg-repeat='true' style='display: none'><\/div><div class=\"ult-spacer\" style=\"height:350px;clear:both;display:block;\"><\/div>[vc_column_text]<\/p>\n<div class=\"image-subtext-white\">\n<p>Vista su Terlano e sulla Mendola innevata<\/p>\n<\/div>\n<p>[\/vc_column_text]<div class=\"ult-spacer\" style=\"height:10px;clear:both;display:block;\"><\/div>[\/vc_column][vc_column][\/vc_column][\/vc_row][vc_row el_class=&#8221;visible-phone&#8221; gmbt_prlx_bg_type=&#8221;parallax&#8221; gmbt_prlx_break_parents=&#8221;0&#8243; gmbt_prlx_opacity=&#8221;100&#8243; gmbt_prlx_video_aspect_ratio=&#8221;16:9&#8243; gmbt_prlx_parallax=&#8221;none&#8221; gmbt_prlx_speed=&#8221;0.3&#8243;][vc_column][vc_single_image image=&#8221;10433&#8243; img_size=&#8221;full&#8221; alignment=&#8221;center&#8221;][\/vc_column][\/vc_row][vc_row][vc_column]<div class=\"ult-spacer\" style=\"height:35px;clear:both;display:block;\"><\/div>[\/vc_column][\/vc_row][vc_row][vc_column width=&#8221;1\/2&#8243;][vc_column_text]La primavera \u00e8 un invito a dedicarsi nuovamente alle attivit\u00e0 all\u2019aperto e a farsi ammaliare dal risveglio della natura. Durante la nostra escursione primaverile, costeggeremo bellissimi pendii soleggiati per raggiungere rovine e sentieri di epoche ormai dimenticate.<span class=\"Apple-converted-space\">\u00a0<\/span><\/p>\n<p>Iniziamo il nostro tour dal parcheggio della \u201cCasa della mela\u201d a Terlano. Attraversiamo la strada che conduce a Meltina e, nei pressi della vecchia palestra di roccia, imbocchiamo il sentiero lastricato n. 3 fino alle rovine di Castel Casanova, noto anche come Castel Maultasch. Un tempo troneggiante sulla vallata, ora non \u00e8 che una rovina: ma con la fantasia possiamo riportarlo agli splendori d\u2019epoca cavalleresca. \u00c8 consigliato un tour esplorativo, poich\u00e9 da qui si pu\u00f2 godere di una magnifica vista panoramica sulla Val d\u2019Adige.<span class=\"Apple-converted-space\">\u00a0<\/span>[\/vc_column_text][\/vc_column][vc_column width=&#8221;1\/2&#8243;][vc_column_text]Continuiamo fino a Montigl sul sentiero n. 3, lungo il quale crescono pungitopo ed erba cipollina selvatica, oltre a una variet\u00e0 botanica tutta da scoprire. Il percorso costeggia anche un biotopo, il Laghetto Holzmann, le cui acque rivestono una particolare importanza su questi pendii soleggiati. Arrivati a Montigl, prendiamo il sentiero asfaltato fino al fatiscente maso Wegscheiderhof, da cui sulla strada forestale n. 8b saliamo su una collina. Da qui camminiamo sotto le pareti rocciose \u201cGrumerw\u00e4nde\u201d verso Frassineto, dove avvistiamo varie postazioni di caccia e veniamo sorpresi da due camosci. La nostra attenzione viene attirata anche da una grotta semidistrutta che, nel Medioevo, fungeva probabilmente da riparo per i minatori. Le pendici sono costellate di tunnel e caverne, prova dell\u2019esistenza delle antiche miniere d\u2019argento.[\/vc_column_text][\/vc_column][\/vc_row][vc_row][vc_column][vc_column_text]<\/p>\n<hr class=\"black-line\" \/>\n<p>[\/vc_column_text][vc_column_text]Facciamo una breve sosta alla Locanda Bergjosl e, dopo uno spuntino, proseguiamo sul sentiero asfaltato fino alla strada per Meltina, consi-derata un paradiso dei motociclisti. Anzich\u00e9 imboccarla, scendiamo lungo il sentiero n. 4 fino a Unterlegar e, accanto alla fermata dell\u2019auto-bus, prendiamo il 4a per scendere a Kreuth lungo le pendici soleggiate. Superiamo un leccio, considerato monumento naturale, prima di proseguire sui versanti del Silberleiten in mezzo ai vigneti e tornare al punto di partenza, la \u201cCasa della Mela\u201d di Terlano.[\/vc_column_text][\/vc_column][\/vc_row]<\/p>\n","protected":false},"excerpt":{"rendered":"<p>[vc_row][vc_column width=&#8221;1\/3&#8243;][vc_column_text] DATI DEL TOUR Lunghezza: 13,4\u2009km Tempo di percorrenza: 5.30\u2009h Salita: 835\u2009m Discesa: 834\u2009m Grado di difficolt\u00e0: medio &nbsp; Il tour per iPhone e Android[\/vc_column_text][vc_column_text] [\/vc_column_text][\/vc_column][vc_column width=&#8221;1\/3&#8243;][vc_column_text] Descrizione del percorso Dal parcheggio della \u201cCasa della Mela\u201d a Terlano raggiungiamo le rovine di Castel Casanova sul sentiero n. 3 e proseguiamo per Montigl fino al [&hellip;]<\/p>\n","protected":false},"author":2,"featured_media":10428,"comment_status":"open","ping_status":"open","sticky":false,"template":"","format":"standard","meta":{"footnotes":""},"categories":[17,68],"tags":[71],"class_list":["post-10494","post","type-post","status-publish","format-standard","has-post-thumbnail","hentry","category-tema","category-consigli-e-svago","tag-suggerimento-di-escursione"],"_links":{"self":[{"href":"https:\/\/magazin.raiffeisen.it\/it\/wp-json\/wp\/v2\/posts\/10494","targetHints":{"allow":["GET"]}}],"collection":[{"href":"https:\/\/magazin.raiffeisen.it\/it\/wp-json\/wp\/v2\/posts"}],"about":[{"href":"https:\/\/magazin.raiffeisen.it\/it\/wp-json\/wp\/v2\/types\/post"}],"author":[{"embeddable":true,"href":"https:\/\/magazin.raiffeisen.it\/it\/wp-json\/wp\/v2\/users\/2"}],"replies":[{"embeddable":true,"href":"https:\/\/magazin.raiffeisen.it\/it\/wp-json\/wp\/v2\/comments?post=10494"}],"version-history":[{"count":6,"href":"https:\/\/magazin.raiffeisen.it\/it\/wp-json\/wp\/v2\/posts\/10494\/revisions"}],"predecessor-version":[{"id":10504,"href":"https:\/\/magazin.raiffeisen.it\/it\/wp-json\/wp\/v2\/posts\/10494\/revisions\/10504"}],"wp:featuredmedia":[{"embeddable":true,"href":"https:\/\/magazin.raiffeisen.it\/it\/wp-json\/wp\/v2\/media\/10428"}],"wp:attachment":[{"href":"https:\/\/magazin.raiffeisen.it\/it\/wp-json\/wp\/v2\/media?parent=10494"}],"wp:term":[{"taxonomy":"category","embeddable":true,"href":"https:\/\/magazin.raiffeisen.it\/it\/wp-json\/wp\/v2\/categories?post=10494"},{"taxonomy":"post_tag","embeddable":true,"href":"https:\/\/magazin.raiffeisen.it\/it\/wp-json\/wp\/v2\/tags?post=10494"}],"curies":[{"name":"wp","href":"https:\/\/api.w.org\/{rel}","templated":true}]}}