{"id":10285,"date":"2022-02-14T00:30:08","date_gmt":"2022-02-13T22:30:08","guid":{"rendered":"https:\/\/magazin.raiffeisen.it\/?p=10285"},"modified":"2022-02-14T10:19:55","modified_gmt":"2022-02-14T08:19:55","slug":"raiffeisen-la-sostenibilita-il-futuro-e-verde","status":"publish","type":"post","link":"https:\/\/magazin.raiffeisen.it\/it\/raiffeisen-la-sostenibilita-il-futuro-e-verde\/","title":{"rendered":"Raiffeisen &#038;  la sostenibilit\u00e0 \u2013 Il futuro \u00e8 verde"},"content":{"rendered":"<p>[vc_row][vc_column][vc_column_text]Negli ultimi anni, il tema della sostenibilit\u00e0 si \u00e8 conquistato un notevole spazio a vari livelli. La ragione principale \u00e8 legata all\u2019ambizioso piano d\u2019azione dell\u2019UE con le sue rigide scadenze: entro il 2030, saranno ulteriormente inaspriti gli obiettivi ambientali ed entro il 2050 l\u2019Europa sar\u00e0 il primo continente a raggiungere la neutralit\u00e0 climatica.<span class=\"Apple-converted-space\">\u00a0<\/span>[\/vc_column_text][vc_column_text]<\/p>\n<hr class=\"black-line\" \/>\n<p>[\/vc_column_text][vc_column_text]<\/p>\n<h2 class=\"h2-bold\" style=\"text-align: center;\">Verdi per natura<\/h2>\n<p style=\"text-align: center;\"><strong>Per le <a href=\"https:\/\/www.raiffeisenverband.it\/it\/cooperative\" target=\"_blank\" rel=\"noopener\">cooperative Raiffeisen,<\/a> la sostenibilit\u00e0 non \u00e8 un semplice slogan, n\u00e9 una novit\u00e0:<span class=\"Apple-converted-space\">\u00a0<\/span><\/strong><\/p>\n<p>[\/vc_column_text][\/vc_column][\/vc_row][vc_row][vc_column width=&#8221;1\/2&#8243;][vc_column_text]la filosofia alla base della cooperazione, riconosciuta dall\u2019ONU patrimonio culturale mondiale, ha combinato il successo economico con un\u2019azione socialmente sostenibile fin dalla sua nascita, oltre 170 anni fa. Le origini del sistema cooperativo altoatesino risalgono alla seconda met\u00e0 del XIX secolo, quando l\u2019obiettivo delle prime societ\u00e0 era quello di aiutare la popolazione rurale impoverita dall\u2019industrializzazione e di assicurarne il sostentamento. Oggi queste realt\u00e0 sono un pilastro importante dell\u2019economia locale: il settore delle mele \u00e8 cooperativo al 90%, quello vitivinicolo al 70% e quello caseario al 100%. \u201cLa nostra attenzione non \u00e8 volta (solo) ai prossimi dati trimestrali e agli interessi degli azionisti, ma principalmente alla creazione di valore aggiunto a lungo termine e a un approccio in termini di generazioni\u201d, sottolinea Paul Gasser, direttore generale della Federazione Raiffeisen.[\/vc_column_text][\/vc_column][vc_column width=&#8221;1\/2&#8243;][vc_column_text]Anche le Casse Raiffeisen sono un modello per il settore in cui operano: rispetto alle banche tradizionali, che basano la loro politica sul capitale, quelle cooperative non si preoccupano dei dividendi, ma puntano al maggior beneficio possibile per i loro soci e la comunit\u00e0 locale. La promozione del bene comune \u00e8 sancita dal loro statuto: secondo il principio per cui il denaro locale va impiegato in loco, i depositi dei clienti sono raccolti ed erogati alla popolazione e alle imprese regionali sotto forma di prestiti. \u201cPoich\u00e9 le Casse Raiffeisen sono fortemente coinvolte nella vita socioeconomica locale\u201d, prosegue Gasser, \u201csono praticamente predestinate a contribuire e promuovere attivamente la transizione verso un\u2019economia pi\u00f9 sostenibile. Da sempre, il verde \u00e8 il colore delle Casse Raiffeisen, che oggi sono pi\u00f9 verdi che mai\u201d.[\/vc_column_text][\/vc_column][\/vc_row][vc_row][vc_column]<div class=\"ult-spacer\" style=\"height:35px;clear:both;display:block;\"><\/div>[\/vc_column][\/vc_row][vc_row full_width=&#8221;stretch_row_content&#8221; bg_type=&#8221;image&#8221; bg_override=&#8221;full&#8221; el_class=&#8221;hidden-phone&#8221; gmbt_prlx_bg_type=&#8221;parallax&#8221; gmbt_prlx_break_parents=&#8221;0&#8243; gmbt_prlx_opacity=&#8221;100&#8243; gmbt_prlx_video_aspect_ratio=&#8221;16:9&#8243; gmbt_prlx_parallax=&#8221;none&#8221; gmbt_prlx_speed=&#8221;0.3&#8243;][vc_column]<div class='gambit_parallax_row' data-bg-align='' data-direction='fixed' data-opacity='100' data-velocity='-0.3' data-mobile-enabled='' data-bg-height='800' data-bg-width='1200' data-bg-image='https:\/\/magazin.raiffeisen.it\/wp-content\/uploads\/2022\/02\/Raiffeisen-gruene-Zukunfts-Entwicklung.jpg' data-bg-repeat='true' style='display: none'><\/div><div class=\"ult-spacer\" style=\"height:350px;clear:both;display:block;\"><\/div>[vc_column_text]<\/p>\n<div class=\"image-subtext-white\">Attraverso l\u2019erogazione di risorse finanziarie, le banche possono contribuire a modellare uno sviluppo sostenibile<\/div>\n<p>[\/vc_column_text]<div class=\"ult-spacer\" style=\"height:10px;clear:both;display:block;\"><\/div>[\/vc_column][vc_column][\/vc_column][\/vc_row][vc_row el_class=&#8221;visible-phone&#8221; gmbt_prlx_bg_type=&#8221;parallax&#8221; gmbt_prlx_break_parents=&#8221;0&#8243; gmbt_prlx_opacity=&#8221;100&#8243; gmbt_prlx_video_aspect_ratio=&#8221;16:9&#8243; gmbt_prlx_parallax=&#8221;none&#8221; gmbt_prlx_speed=&#8221;0.3&#8243;][vc_column][vc_single_image image=&#8221;10195&#8243; img_size=&#8221;full&#8221; alignment=&#8221;center&#8221;][\/vc_column][\/vc_row][vc_row][vc_column]<div class=\"ult-spacer\" style=\"height:35px;clear:both;display:block;\"><\/div>[\/vc_column][\/vc_row][vc_row][vc_column width=&#8221;1\/2&#8243;][vc_column_text]<\/p>\n<h2 class=\"h2-bold\">La sostenibilit\u00e0 nella prassi<span class=\"Apple-converted-space\">\u00a0<\/span><\/h2>\n<p>L\u2019esempio della <b>Cassa Raiffeisen Alta Venosta<\/b> mostra come sia possibile mettere in pratica questi concetti nella quotidianit\u00e0. Nel 2022, la banca pubblicher\u00e0 il suo primo rapporto sulla sostenibilit\u00e0. \u201cQuesto tema \u00e8 sempre stato importante per noi\u201d, sostiene Markus Moriggl, direttore della <a href=\"https:\/\/www.raiffeisen.it\/it\/alta-venosta.html\" target=\"_blank\" rel=\"noopener\">Cassa Raiffeisen Alta Venosta<\/a>, \u201ce intendiamo affrontarlo nell\u2019ambito di un processo continuo. Siamo ancora pi\u00f9 consapevoli del nostro contributo al mantenimento delle catene di valore locali, che generano effetti positivi sulle persone e l\u2019ambiente.\u201d Per esempio, questa banca cooperativa promuove la trasformazione dell\u2019agricoltura di montagna e sostiene l\u2019allevamento rispettoso degli animali, oltre che la salvaguardia dell\u2019economia alpina. \u201cLe interessenze alpestri sono la forma organizzativa pi\u00f9 antica per le propriet\u00e0 collettive in Tirolo\u201d, prosegue Moriggl, \u201cper questo intendiamo preservarle per il futuro, cos\u00ec che agricoltura e turismo possano trarne beneficio\u201d.[\/vc_column_text][\/vc_column][vc_column width=&#8221;1\/2&#8243;][vc_column_text]La Cassa Raiffeisen Alta Venosta ha anche fondato un comitato consultivo, in cui siedono stakeholder e politici locali, che agisce come \u201cthink tank\u201d per valutare le opportunit\u00e0 di sviluppo dell\u2019area e che dal 2015 elabora un pacchetto di misure di promozione economica, ad esempio, per incentivare i finanziamenti nel settore della sostenibilit\u00e0 e renderne pi\u00f9 agevole la concessione o per sostenere le misure di transizione ecologica, come gli investimenti nelle energie rinnovabili.<span class=\"Apple-converted-space\">\u00a0<\/span><\/p>\n<p><span class=\"Apple-converted-space\">\u00a0<\/span>\u201cUno strumento fondamentale in tal senso \u00e8 il nostro servizio di consulenza cooperativa individuale, tarato sui bisogni dei clienti e svincolato da esigenze legate alla vendita di prodotti o al pagamento di provvigioni\u201d, aggiunge Moriggl. Altrettanto importante \u00e8 cogliere il crescente interesse dei clienti per gli investimenti sostenibili e offrire loro prodotti adeguati. Ethical Banking, cui ora aderiscono 25 Casse Raiffeisen, \u00e8 una forma di investimento particolarmente interessante e unica in Alto Adige, che raccoglie i depositi dei risparmiatori per finanziare a tassi agevolati specifici progetti locali sostenibili.[\/vc_column_text][\/vc_column][\/vc_row][vc_row][vc_column width=&#8221;1\/3&#8243;][\/vc_column][vc_column width=&#8221;1\/3&#8243;][vc_single_image image=&#8221;10292&#8243; img_size=&#8221;full&#8221; alignment=&#8221;center&#8221; onclick=&#8221;img_link_large&#8221;][vc_column_text]<\/p>\n<p style=\"text-align: center;\">La creazione di valore aggiunto sostenibile tiene conto di aspetti <strong>economici, ambientali e sociali<\/strong><\/p>\n<p>[\/vc_column_text][\/vc_column][vc_column width=&#8221;1\/3&#8243;][\/vc_column][\/vc_row][vc_row][vc_column][vc_column_text]<\/p>\n<h2 class=\"h2-bold\">Un segnale per il mondo cooperativo<span class=\"Apple-converted-space\">\u00a0<\/span><\/h2>\n<p>Anche la <a href=\"https:\/\/www.raiffeisenverband.it\/it\/\" target=\"_blank\" rel=\"noopener\"><b>Federazione Cooperative Raiffeisen,<\/b><\/a> nella sua politica aziendale, \u00e8 da sempre impegnata a favore del bene comune. Per dare un segnale al mondo cooperativo alto- atesino, gi\u00e0 nel 2019 ha pubblicato un rapporto sulla sostenibilit\u00e0 redatto secondo standard internazionali, che illustra in maniera trasparente tutte le attivit\u00e0 e i risultati ottenuti, al di l\u00e0 del mero aspetto finanziario. Il corrispondente piano d\u2019azione, suddiviso nelle tre macroaree economia, ecologia e questioni sociali, \u00e8 in fase di attuazione. La strategia e il rapporto sono stati sviluppati insieme <a href=\"https:\/\/www.oekoinstitut.it\/it\/\" target=\"_blank\" rel=\"noopener\">all\u2019\u00d6koinstitut Alto Adige<\/a>, di cui Sonja Abrate, biologa e responsabile del progetto, fa parte.\u00a0\u201cSecondo il regolamento UE\u201d, afferma con soddisfazione, \u201cla stesura di un rapporto sulla sostenibilit\u00e0 \u00e8 obbligatoria solo per le aziende che eccedono determinate dimensioni o volumi d\u2019affari. La Federazione Raiffeisen, pur non raggiungendo tali numeri, ha scelto questa strada di sua spontanea volont\u00e0\u201d. L\u2019\u00d6koinstitut ha anche assistito in questo processo la Cassa Centrale, le Casse Raiffeisen Wipptal, Valle Isarco e Alta Venosta, cos\u00ec come la Cantina Bolzano, societ\u00e0 cooperativa aderente alla Federazione. Prerequisiti importanti in tal senso sono il chiaro impegno della direzione a promuovere la sostenibilit\u00e0, ma anche l\u2019organizzazione di workshop con dipendenti, dirigenti, consiglieri e altri stakeholder, sviluppando e concordando congiuntamente obiettivi, misure e tempi d\u2019implementazione. \u201cCi\u00f2 che \u00e8 precluso al singolo, pu\u00f2 essere realizzato da molti: tale massima cooperativa si applica perfettamente anche a questa sfida\u201d, sottolinea Abrate.[\/vc_column_text][vc_column_text]<\/p>\n<hr class=\"black-line\" \/>\n<p>[\/vc_column_text][\/vc_column][\/vc_row][vc_row][vc_column width=&#8221;1\/2&#8243;][vc_column_text]<\/p>\n<h2 class=\"h2-bold\">Successo economico e sostenibilit\u00e0<\/h2>\n<p>La <b>Cassa Centrale Raiffeisen dell\u2019Alto Adige<\/b> \u00e8 la dimostrazione che successo economico e sostenibilit\u00e0 non sono in contraddizione tra loro. Negli ultimi anni, la banca ha affrontato la questione con maggiore attenzione e in maniera critica. \u201cL\u2019obiettivo dichiarato \u00e8 quello di ancorare saldamente la sostenibilit\u00e0 nelle nostre azioni, migliorando costantemente l\u2019impatto delle varie attivit\u00e0\u201d, sottolinea Zenone Giacomuzzi, direttore generale della <a href=\"https:\/\/www.raiffeisen.it\/it\/cassa-centrale.html\" target=\"_blank\" rel=\"noopener\">Cassa Centrale.<\/a><span class=\"Apple-converted-space\">\u00a0 <\/span>\u201cLa tutela climatica \u00e8 un aspetto importante della nostra responsabilit\u00e0 aziendale\u201d. Da un lato, ci\u00f2 si riflette nel core business, per esempio, attraverso l\u2019impegno a favore delle energie rinnovabili o l\u2019emissione dei primi Green e Sustainability Bond per i piccoli risparmiatori, ma dall\u2019altro lato anche negli sforzi per ridurre l\u2019impronta ecologica della banca. I fondi raccolti con le obbligazioni verdi sono investiti esclusivamente in progetti con un impatto ambientale comprovatamente positivo, mentre l\u2019impiego delle risorse e il previsto effetto dei vari progetti su ambiente e societ\u00e0 sono resi noti in una relazione annuale. L\u2019impegno ecologico in azienda \u00e8 migliorato attraverso misure mirate: il consumo energetico della banca, per esempio, gi\u00e0 oggi \u00e8 completamente coperto da fonti rinnovabili e, nell\u2019ambito di varie iniziative e workshop, come il Green Day e la Settimana della mobilit\u00e0, i dipendenti vengono sensibilizzati sulla salvaguardia delle risorse, il che ha portato a un dimezzamento delle emissioni di CO<sub>2<\/sub> dal 2019 ad oggi.[\/vc_column_text][\/vc_column][vc_column width=&#8221;1\/2&#8243;][vc_column_text]\u201cLa Cassa Centrale Raiffeisen intende raggiungere la neutralit\u00e0 climatica entro il 2025\u201d, afferma Giacomuzzi.<span class=\"Apple-converted-space\">\u00a0<\/span>Per conseguire questo ambizioso obiettivo, l\u2019edificio principale di Bolzano deve essere riqualificato dal punto di vista energetico e collegato alla rete di teleriscaldamento di <a href=\"https:\/\/www.alperia.eu\/it\" target=\"_blank\" rel=\"noopener\">Alperia.<\/a> Le rimanenti emissioni di gas serra saranno compensate da progetti di riduzione di altri agenti inquinanti.<\/p>\n<p>Un lavoro pionieristico nel campo della sostenibilit\u00e0 \u00e8 stato fatto da <b>Raiffeisen Servizi <\/b><b>Assicurativi (<a href=\"http:\/\/www.rvd.bz.it\/it.html\" target=\"_blank\" rel=\"noopener\">RVD<\/a>):<\/b> in quanto Societ\u00e0 Benefit, condivide l\u2019idea secondo cui le aziende non devono essere solo al servizio degli azionisti, ma anche farsi carico di una responsabilit\u00e0 nei confronti della societ\u00e0 e del pianeta. Quest\u2019azienda di servizi assicurativi, quindi, orienta sempre pi\u00f9 prestazioni e prodotti al bene comune e al valore aggiunto sociale.<span class=\"Apple-converted-space\">\u00a0<\/span><\/p>\n<p>Da ottobre 2020, RVD \u00e8 la prima azienda italiana a fregiarsi del titolo di \u201cSociet\u00e0 Benefit\u201d, mentre sin dal maggio 2019 reca il sigillo \u201c<a href=\"https:\/\/www.bcorporation.net\/it-it\/\" target=\"_blank\" rel=\"noopener\">B Corporation<\/a>\u201d, riconosciuto a livello mondiale. Tale certificazione viene assegnata alle aziende che soddisfano volontariamente numerosi standard in tema di gestione trasparente, responsabile e sostenibile, oltre a misurare e rendere periodicamente pubblico il proprio impatto sull\u2019ambiente.[\/vc_column_text][\/vc_column][\/vc_row][vc_row][vc_column]<div class=\"ult-spacer\" style=\"height:35px;clear:both;display:block;\"><\/div>[\/vc_column][\/vc_row][vc_row][vc_column][vc_column_text]<\/p>\n<h2 class=\"h2-lines\">IL BUON ESEMPIO \u2013\u00a0Promuovere l\u2019Alta Venosta<\/h2>\n<p style=\"text-align: center;\">Markus Moriggl \u00e9 direttore della <a href=\"https:\/\/www.raiffeisen.it\/it\/alta-venosta.html\" target=\"_blank\" rel=\"noopener\">Cassa Raiffeisen Alta Venosta\u2002<\/a><\/p>\n<p>[\/vc_column_text][vc_row_inner][vc_column_inner width=&#8221;1\/2&#8243;][vc_single_image image=&#8221;10198&#8243; img_size=&#8221;full&#8221; alignment=&#8221;center&#8221; onclick=&#8221;img_link_large&#8221;][vc_column_text]<strong>Cosa ha spinto la Cassa Raiffeisen Alta Venosta a pubblicare un rapporto sulla sostenibilit\u00e0?<\/strong><\/p>\n<p><span class=\"interview\">Markus Moriggl.<\/span> Operare nel segno della sostenibilit\u00e0 \u00e8 nel DNA di ogni Cassa Raiffeisen: significa coltivare e mantenere i cicli regionali, promuovere lo sviluppo economico di un territorio e contribuire alla prosperit\u00e0 della popolazione. La sostenibilit\u00e0 \u00e8 sempre stata molto importante per noi, ma in passato abbiamo comunicato troppo poco all\u2019esterno il nostro impegno. Ora, con l\u2019aiuto della Federazione Raiffeisen e dell\u2019\u00d6koinstitut Alto Adige, abbiamo riassunto i nostri sforzi nel primo rapporto sulla sostenibilit\u00e0, che sar\u00e0 pubblicato quest\u2019anno.[\/vc_column_text][\/vc_column_inner][vc_column_inner width=&#8221;1\/2&#8243;][vc_column_text]<strong>Pu\u00f2 darci qualche esempio di attivit\u00e0 sostenibili?<\/strong><\/p>\n<p>Lavoriamo attivamente e a stretto contatto con le cooperative e i fornitori locali e, da anni, organizziamo i colloqui della Consulta economica a favore di una cooperazione costruttiva. Insieme al personale docente della scuola secondaria di Malles e ai distretti scolastici, organizziamo unit\u00e0 di educazione finanziaria per le lezioni in aula, cercando di dare a tutte le nostre iniziative un orientamento di lungo termine. Per noi, una buona formazione del personale \u00e8 altrettanto importante quanto la promozione del volontariato, che riveste un ruolo essenziale sul territorio.[\/vc_column_text][vc_column_text]<strong>Quali sono le novit\u00e0?<\/strong><\/p>\n<p>Nel nostro calendario 2022, di cui andiamo particolarmente orgogliosi, un team composto da membri di varie organizzazioni locali ha illustrato le aree in cui il nostro territorio \u00e8 gi\u00e0 sostenibile. In futuro, vogliamo rendere gli ambienti in cui lavoriamo pi\u00f9 ecologici e ridurre il consumo di carta, ma il nostro impegno \u00e8 volto anche al commercio e all\u2019agricoltura. L\u2019anno scorso abbiamo condotto un sondaggio tra il personale sui temi della sostenibilit\u00e0, quest\u2019anno seguir\u00e0 un\u2019analisi della soddisfazione dei clienti con domande che verteranno sullo stesso tema. Tutto questo perch\u00e9 vogliamo coinvolgere il pi\u00f9 possibile soci, clienti e collaboratori nel processo della sostenibilit\u00e0, portandolo avanti congiuntamente.<span class=\"Apple-converted-space\">\u00a0<\/span>[\/vc_column_text][\/vc_column_inner][\/vc_row_inner][vc_column_text]<\/p>\n<hr class=\"green-line\" \/>\n<p>[\/vc_column_text][\/vc_column][\/vc_row]<\/p>\n","protected":false},"excerpt":{"rendered":"<p>[vc_row][vc_column][vc_column_text]Negli ultimi anni, il tema della sostenibilit\u00e0 si \u00e8 conquistato un notevole spazio a vari livelli. La ragione principale \u00e8 legata all\u2019ambizioso piano d\u2019azione dell\u2019UE con le sue rigide scadenze: entro il 2030, saranno ulteriormente inaspriti gli obiettivi ambientali ed entro il 2050 l\u2019Europa sar\u00e0 il primo continente a raggiungere la neutralit\u00e0 climatica.\u00a0[\/vc_column_text][vc_column_text] [\/vc_column_text][vc_column_text] Verdi [&hellip;]<\/p>\n","protected":false},"author":2,"featured_media":10340,"comment_status":"open","ping_status":"open","sticky":false,"template":"","format":"standard","meta":{"footnotes":""},"categories":[17],"tags":[88],"class_list":["post-10285","post","type-post","status-publish","format-standard","has-post-thumbnail","hentry","category-tema","tag-futuro"],"_links":{"self":[{"href":"https:\/\/magazin.raiffeisen.it\/it\/wp-json\/wp\/v2\/posts\/10285","targetHints":{"allow":["GET"]}}],"collection":[{"href":"https:\/\/magazin.raiffeisen.it\/it\/wp-json\/wp\/v2\/posts"}],"about":[{"href":"https:\/\/magazin.raiffeisen.it\/it\/wp-json\/wp\/v2\/types\/post"}],"author":[{"embeddable":true,"href":"https:\/\/magazin.raiffeisen.it\/it\/wp-json\/wp\/v2\/users\/2"}],"replies":[{"embeddable":true,"href":"https:\/\/magazin.raiffeisen.it\/it\/wp-json\/wp\/v2\/comments?post=10285"}],"version-history":[{"count":7,"href":"https:\/\/magazin.raiffeisen.it\/it\/wp-json\/wp\/v2\/posts\/10285\/revisions"}],"predecessor-version":[{"id":10295,"href":"https:\/\/magazin.raiffeisen.it\/it\/wp-json\/wp\/v2\/posts\/10285\/revisions\/10295"}],"wp:featuredmedia":[{"embeddable":true,"href":"https:\/\/magazin.raiffeisen.it\/it\/wp-json\/wp\/v2\/media\/10340"}],"wp:attachment":[{"href":"https:\/\/magazin.raiffeisen.it\/it\/wp-json\/wp\/v2\/media?parent=10285"}],"wp:term":[{"taxonomy":"category","embeddable":true,"href":"https:\/\/magazin.raiffeisen.it\/it\/wp-json\/wp\/v2\/categories?post=10285"},{"taxonomy":"post_tag","embeddable":true,"href":"https:\/\/magazin.raiffeisen.it\/it\/wp-json\/wp\/v2\/tags?post=10285"}],"curies":[{"name":"wp","href":"https:\/\/api.w.org\/{rel}","templated":true}]}}